{"id":120716,"date":"2024-08-28T22:55:14","date_gmt":"2024-08-29T01:55:14","guid":{"rendered":"https:\/\/www.locoxelrojo.com\/independiente\/?p=120716"},"modified":"2024-08-29T14:50:21","modified_gmt":"2024-08-29T17:50:21","slug":"tarzia-debuto-en-la-red","status":"publish","type":"post","link":"https:\/\/www.locoxelrojo.com\/independiente\/2024\/08\/28\/tarzia-debuto-en-la-red\/","title":{"rendered":"Tarzia debut\u00f3 en la red"},"content":{"rendered":"<p><strong>Diego Tarzia marc\u00f3 su primer gol en la Primera de Independiente y cerr\u00f3 <a href=\"https:\/\/www.locoxelrojo.com\/independiente\/2024\/08\/28\/gano-gusto-goleo-y-paso-a-cuartos\/\">la goleada 3-0 ante Godoy Cruz por Copa Argentina.<\/a><\/strong><\/p>\n<p>El delantero de 21 a\u00f1os ven\u00eda de fallar un chance clara en el Cl\u00e1sico de Avellaneda, pero tuvo revancha muy pronto. Este mi\u00e9rcoles, en C\u00f3rdoba, <strong>entr\u00f3 desde el banco de suplentes y se dio el gusto de tener su bautismo goleador<\/strong>.<\/p>\n<p>Tarzia ingres\u00f3 a los 30 minutos del segundo tiempo, en reemplazo de Santiago Montiel. A falta de dos minutos para el cierre, <strong>estuvo donde hab\u00eda que estar para empujar la pelota al fondo de la red tras un pase de Alexis Canelo<\/strong>, quien no fue ego\u00edsta y se la dej\u00f3 servida para el 3-0 final.<\/p>\n<p>De esta manera, Tarzia sum\u00f3 su<strong> primer gol en 13 partidos jugados<\/strong> con la camiseta de Independiente. Que sea el primero de muchos.<\/p>\n<p><iframe loading=\"lazy\" title=\"Gol de Diego Tarzia. Godoy Cruz 0 - Independiente 3. Octavos de Final. Duod\u00e9cima edici\u00f3n.\" width=\"696\" height=\"392\" src=\"https:\/\/www.youtube.com\/embed\/YwC5ZacmypY?feature=oembed\" frameborder=\"0\" allow=\"accelerometer; autoplay; clipboard-write; encrypted-media; gyroscope; picture-in-picture; web-share\" referrerpolicy=\"strict-origin-when-cross-origin\" allowfullscreen><\/iframe><\/p>\n","protected":false},"excerpt":{"rendered":"<p>Diego Tarzia marc\u00f3 su primer gol en la Primera de Independiente y cerr\u00f3 la goleada 3-0 ante Godoy Cruz por Copa Argentina. El delantero de 21 a\u00f1os ven\u00eda de fallar un chance clara en el Cl\u00e1sico de Avellaneda, pero tuvo revancha muy pronto. Este mi\u00e9rcoles, en C\u00f3rdoba, entr\u00f3 desde el banco de suplentes y se [&hellip;]<\/p>\n","protected":false},"author":8,"featured_media":120718,"comment_status":"open","ping_status":"closed","sticky":false,"template":"","format":"standard","meta":{"_links_to":"","_links_to_target":""},"categories":[800,3247],"tags":[153,5559,4964,571],"_links":{"self":[{"href":"https:\/\/www.locoxelrojo.com\/independiente\/wp-json\/wp\/v2\/posts\/120716"}],"collection":[{"href":"https:\/\/www.locoxelrojo.com\/independiente\/wp-json\/wp\/v2\/posts"}],"about":[{"href":"https:\/\/www.locoxelrojo.com\/independiente\/wp-json\/wp\/v2\/types\/post"}],"author":[{"embeddable":true,"href":"https:\/\/www.locoxelrojo.com\/independiente\/wp-json\/wp\/v2\/users\/8"}],"replies":[{"embeddable":true,"href":"https:\/\/www.locoxelrojo.com\/independiente\/wp-json\/wp\/v2\/comments?post=120716"}],"version-history":[{"count":2,"href":"https:\/\/www.locoxelrojo.com\/independiente\/wp-json\/wp\/v2\/posts\/120716\/revisions"}],"predecessor-version":[{"id":120737,"href":"https:\/\/www.locoxelrojo.com\/independiente\/wp-json\/wp\/v2\/posts\/120716\/revisions\/120737"}],"wp:featuredmedia":[{"embeddable":true,"href":"https:\/\/www.locoxelrojo.com\/independiente\/wp-json\/wp\/v2\/media\/120718"}],"wp:attachment":[{"href":"https:\/\/www.locoxelrojo.com\/independiente\/wp-json\/wp\/v2\/media?parent=120716"}],"wp:term":[{"taxonomy":"category","embeddable":true,"href":"https:\/\/www.locoxelrojo.com\/independiente\/wp-json\/wp\/v2\/categories?post=120716"},{"taxonomy":"post_tag","embeddable":true,"href":"https:\/\/www.locoxelrojo.com\/independiente\/wp-json\/wp\/v2\/tags?post=120716"}],"curies":[{"name":"wp","href":"https:\/\/api.w.org\/{rel}","templated":true}]}}