{"id":120758,"date":"2024-08-30T18:00:47","date_gmt":"2024-08-30T21:00:47","guid":{"rendered":"https:\/\/www.locoxelrojo.com\/independiente\/?p=120758"},"modified":"2024-08-30T18:01:09","modified_gmt":"2024-08-30T21:01:09","slug":"sayago-deja-defensores-de-belgrano-para-jugar-en-mexico","status":"publish","type":"post","link":"https:\/\/www.locoxelrojo.com\/independiente\/2024\/08\/30\/sayago-deja-defensores-de-belgrano-para-jugar-en-mexico\/","title":{"rendered":"Sayago deja Defensores de Belgrano para jugar en M\u00e9xico"},"content":{"rendered":"<p><strong>David Sayago rompi\u00f3 su pr\u00e9stamo con Defensores de Belgrano y se va a jugar a M\u00e9xico.<\/strong><\/p>\n<p>Sayago estaba jugando en la Primera Nacional defendiendo los colores del Drag\u00f3n, aunque los \u00faltimos partidos no ven\u00eda entrando entre los convocados. <strong>En total, disput\u00f3 18 partidos y convirti\u00f3 4 goles en 1.084 minutos en cancha.<\/strong><\/p>\n<blockquote class=\"twitter-tweet\">\n<p dir=\"ltr\" lang=\"es\">Les agradecemos a ambos su paso por el club, y les deseamos \u00e9xitos en su futuro.<a href=\"https:\/\/twitter.com\/hashtag\/SomosDefe?src=hash&amp;ref_src=twsrc%5Etfw\">#SomosDefe<\/a> \u26ab\ufe0f<\/p>\n<p>\u2014 Defensores de Belgrano (@defeweb) <a href=\"https:\/\/twitter.com\/defeweb\/status\/1829309812422648112?ref_src=twsrc%5Etfw\">August 30, 2024<\/a><\/p><\/blockquote>\n<p><script async src=\"https:\/\/platform.twitter.com\/widgets.js\" charset=\"utf-8\"><\/script><\/p>\n<p>Por eso, opt\u00f3 buscar un destino m\u00e1s beneficioso para \u00e9l y tambi\u00e9n para Independiente. <strong>Atlante, equipo busca subir a la Primera Divisi\u00f3n de M\u00e9xico. La negociaci\u00f3n se dar\u00e1 a pr\u00e9stamo, hasta junio 2025, con un cargo de 100.000 d\u00f3lares si cumple determinados objetivos y dos opciones de compra: 1.500.000 d\u00f3lares en diciembre 2024 y 2.000.000 en junio 2025.<\/strong><\/p>\n<p>Ser\u00e1 su segunda experiencia en ese pa\u00eds, ya que anteriormente form\u00f3 parte de Raya2 de Monterrey. <strong>Hay que recordar que su v\u00ednculo con el Rojo vence en diciembre 2026.<\/strong><\/p>\n","protected":false},"excerpt":{"rendered":"<p>David Sayago rompi\u00f3 su pr\u00e9stamo con Defensores de Belgrano y se va a jugar a M\u00e9xico. Sayago estaba jugando en la Primera Nacional defendiendo los colores del Drag\u00f3n, aunque los \u00faltimos partidos no ven\u00eda entrando entre los convocados. En total, disput\u00f3 18 partidos y convirti\u00f3 4 goles en 1.084 minutos en cancha. Les agradecemos a [&hellip;]<\/p>\n","protected":false},"author":1,"featured_media":120759,"comment_status":"open","ping_status":"closed","sticky":false,"template":"","format":"standard","meta":{"_links_to":"","_links_to_target":""},"categories":[3297,3247],"tags":[5686,153,4796,3734],"_links":{"self":[{"href":"https:\/\/www.locoxelrojo.com\/independiente\/wp-json\/wp\/v2\/posts\/120758"}],"collection":[{"href":"https:\/\/www.locoxelrojo.com\/independiente\/wp-json\/wp\/v2\/posts"}],"about":[{"href":"https:\/\/www.locoxelrojo.com\/independiente\/wp-json\/wp\/v2\/types\/post"}],"author":[{"embeddable":true,"href":"https:\/\/www.locoxelrojo.com\/independiente\/wp-json\/wp\/v2\/users\/1"}],"replies":[{"embeddable":true,"href":"https:\/\/www.locoxelrojo.com\/independiente\/wp-json\/wp\/v2\/comments?post=120758"}],"version-history":[{"count":2,"href":"https:\/\/www.locoxelrojo.com\/independiente\/wp-json\/wp\/v2\/posts\/120758\/revisions"}],"predecessor-version":[{"id":120761,"href":"https:\/\/www.locoxelrojo.com\/independiente\/wp-json\/wp\/v2\/posts\/120758\/revisions\/120761"}],"wp:featuredmedia":[{"embeddable":true,"href":"https:\/\/www.locoxelrojo.com\/independiente\/wp-json\/wp\/v2\/media\/120759"}],"wp:attachment":[{"href":"https:\/\/www.locoxelrojo.com\/independiente\/wp-json\/wp\/v2\/media?parent=120758"}],"wp:term":[{"taxonomy":"category","embeddable":true,"href":"https:\/\/www.locoxelrojo.com\/independiente\/wp-json\/wp\/v2\/categories?post=120758"},{"taxonomy":"post_tag","embeddable":true,"href":"https:\/\/www.locoxelrojo.com\/independiente\/wp-json\/wp\/v2\/tags?post=120758"}],"curies":[{"name":"wp","href":"https:\/\/api.w.org\/{rel}","templated":true}]}}