{"id":120762,"date":"2024-08-30T19:31:42","date_gmt":"2024-08-30T22:31:42","guid":{"rendered":"https:\/\/www.locoxelrojo.com\/independiente\/?p=120762"},"modified":"2024-08-30T19:31:42","modified_gmt":"2024-08-30T22:31:42","slug":"desgarro-confirmado-para-damian-perez","status":"publish","type":"post","link":"https:\/\/www.locoxelrojo.com\/independiente\/2024\/08\/30\/desgarro-confirmado-para-damian-perez\/","title":{"rendered":"Desgarro confirmado para Dami\u00e1n P\u00e9rez"},"content":{"rendered":"<p><strong>Dami\u00e1n P\u00e9rez<\/strong> sufri\u00f3 un desgarro y ser\u00e1 baja en Independiente.<\/p>\n<p>El lateral izquierdo del Rojo viene de mala racha ya que despu\u00e9s de recibir la expulsi\u00f3n en el partido con Racing, <strong>sinti\u00f3 <a href=\"https:\/\/www.locoxelrojo.com\/independiente\/2024\/08\/28\/damian-perez-duro-poco\/\">una molestia muscular<\/a> en el arranque del encuentro con Godoy Cruz y tuvo que dejar la cancha.<\/strong><\/p>\n<p><strong>Los estudios arrojaron un desgarro en el recto anterior de la pierna izquierda y no podr\u00e1 estar a disposici\u00f3n del de Julio Vaccari por 3 semanas.<\/strong><\/p>\n<p><strong>El futbolista de 35 a\u00f1os cumplir\u00e1 su sanci\u00f3n ante River y seguramente se perder\u00e1 el de Belgrano<\/strong>, que a\u00fan no tiene d\u00eda ni horario confirmado. <strong>En el medio est\u00e1 el parate por fecha FIFA, dos semanas que le vendr\u00e1n bien para su recuperaci\u00f3n.<\/strong><\/p>\n","protected":false},"excerpt":{"rendered":"<p>Dami\u00e1n P\u00e9rez sufri\u00f3 un desgarro y ser\u00e1 baja en Independiente. El lateral izquierdo del Rojo viene de mala racha ya que despu\u00e9s de recibir la expulsi\u00f3n en el partido con Racing, sinti\u00f3 una molestia muscular en el arranque del encuentro con Godoy Cruz y tuvo que dejar la cancha. Los estudios arrojaron un desgarro en [&hellip;]<\/p>\n","protected":false},"author":101036,"featured_media":120763,"comment_status":"open","ping_status":"closed","sticky":false,"template":"","format":"standard","meta":{"_links_to":"","_links_to_target":""},"categories":[3247,3],"tags":[153,5324],"_links":{"self":[{"href":"https:\/\/www.locoxelrojo.com\/independiente\/wp-json\/wp\/v2\/posts\/120762"}],"collection":[{"href":"https:\/\/www.locoxelrojo.com\/independiente\/wp-json\/wp\/v2\/posts"}],"about":[{"href":"https:\/\/www.locoxelrojo.com\/independiente\/wp-json\/wp\/v2\/types\/post"}],"author":[{"embeddable":true,"href":"https:\/\/www.locoxelrojo.com\/independiente\/wp-json\/wp\/v2\/users\/101036"}],"replies":[{"embeddable":true,"href":"https:\/\/www.locoxelrojo.com\/independiente\/wp-json\/wp\/v2\/comments?post=120762"}],"version-history":[{"count":1,"href":"https:\/\/www.locoxelrojo.com\/independiente\/wp-json\/wp\/v2\/posts\/120762\/revisions"}],"predecessor-version":[{"id":120764,"href":"https:\/\/www.locoxelrojo.com\/independiente\/wp-json\/wp\/v2\/posts\/120762\/revisions\/120764"}],"wp:featuredmedia":[{"embeddable":true,"href":"https:\/\/www.locoxelrojo.com\/independiente\/wp-json\/wp\/v2\/media\/120763"}],"wp:attachment":[{"href":"https:\/\/www.locoxelrojo.com\/independiente\/wp-json\/wp\/v2\/media?parent=120762"}],"wp:term":[{"taxonomy":"category","embeddable":true,"href":"https:\/\/www.locoxelrojo.com\/independiente\/wp-json\/wp\/v2\/categories?post=120762"},{"taxonomy":"post_tag","embeddable":true,"href":"https:\/\/www.locoxelrojo.com\/independiente\/wp-json\/wp\/v2\/tags?post=120762"}],"curies":[{"name":"wp","href":"https:\/\/api.w.org\/{rel}","templated":true}]}}