{"id":120862,"date":"2024-09-04T20:54:09","date_gmt":"2024-09-04T23:54:09","guid":{"rendered":"https:\/\/www.locoxelrojo.com\/independiente\/?p=120862"},"modified":"2024-09-04T20:54:45","modified_gmt":"2024-09-04T23:54:45","slug":"rodrigo-rey-suena-con-la-seleccion-argentina","status":"publish","type":"post","link":"https:\/\/www.locoxelrojo.com\/independiente\/2024\/09\/04\/rodrigo-rey-suena-con-la-seleccion-argentina\/","title":{"rendered":"Rodrigo Rey sue\u00f1a con la Selecci\u00f3n Argentina"},"content":{"rendered":"<p><strong>Rodrigo Rey confes\u00f3 una gran ilusi\u00f3n que tiene: ser convocado a la Selecci\u00f3n Argentina.<\/strong><\/p>\n<p><strong>Desde hace ya un tiempo que el arquero de Rojo viene teniendo un gran nivel bajo los tres palos<\/strong>, convirti\u00e9ndolo en uno de los mejores del f\u00fatbol argentino en su puesto. <a href=\"https:\/\/www.locoxelrojo.com\/independiente\/2024\/09\/02\/independiente-y-rey-logran-records-historicos\/\">La gran cantidad de vallas invictas y los r\u00e9cords que viene rompiendo<\/a>, son una gran muestra de todo lo que le da al equipo.<\/p>\n<p>Es por eso, que a sus 33 a\u00f1os, se ilusiona con una posible convocatoria de Lionel Scaloni. <strong>&#8220;Es mi sue\u00f1o que el t\u00e9cnico me mire para la Selecci\u00f3n Argentina&#8221;<\/strong>, expres\u00f3 en el programa F\u00fatbol y Rosca.<\/p>\n<p>Por otro lado, cont\u00f3 el v\u00ednculo que tiene con Emiliano Mart\u00ednez y, de paso, lo llen\u00f3 de elogios:<strong> &#8220;Compart\u00ed plantel con \u00e9l en la Selecci\u00f3n Sub 20 y tenemos amigos en com\u00fan. Tengo buena onda con \u00e9l&#8221;<\/strong>. Y agreg\u00f3: <strong>&#8220;M\u00e1s all\u00e1 de sus cualidades t\u00e9cnicas, su fortaleza mental lo convierte en el mejor del mundo&#8221;<\/strong>.<\/p>\n<p>A pesar de que el arco de la Albiceleste est\u00e1 bien cuidado, \u00bfRey merece ser convocado por Scaloni?<\/p>\n","protected":false},"excerpt":{"rendered":"<p>Rodrigo Rey confes\u00f3 una gran ilusi\u00f3n que tiene: ser convocado a la Selecci\u00f3n Argentina. Desde hace ya un tiempo que el arquero de Rojo viene teniendo un gran nivel bajo los tres palos, convirti\u00e9ndolo en uno de los mejores del f\u00fatbol argentino en su puesto. La gran cantidad de vallas invictas y los r\u00e9cords que [&hellip;]<\/p>\n","protected":false},"author":101034,"featured_media":120863,"comment_status":"open","ping_status":"closed","sticky":false,"template":"","format":"standard","meta":{"_links_to":"","_links_to_target":""},"categories":[3280,3247],"tags":[153,4003,5319,450],"_links":{"self":[{"href":"https:\/\/www.locoxelrojo.com\/independiente\/wp-json\/wp\/v2\/posts\/120862"}],"collection":[{"href":"https:\/\/www.locoxelrojo.com\/independiente\/wp-json\/wp\/v2\/posts"}],"about":[{"href":"https:\/\/www.locoxelrojo.com\/independiente\/wp-json\/wp\/v2\/types\/post"}],"author":[{"embeddable":true,"href":"https:\/\/www.locoxelrojo.com\/independiente\/wp-json\/wp\/v2\/users\/101034"}],"replies":[{"embeddable":true,"href":"https:\/\/www.locoxelrojo.com\/independiente\/wp-json\/wp\/v2\/comments?post=120862"}],"version-history":[{"count":2,"href":"https:\/\/www.locoxelrojo.com\/independiente\/wp-json\/wp\/v2\/posts\/120862\/revisions"}],"predecessor-version":[{"id":120865,"href":"https:\/\/www.locoxelrojo.com\/independiente\/wp-json\/wp\/v2\/posts\/120862\/revisions\/120865"}],"wp:featuredmedia":[{"embeddable":true,"href":"https:\/\/www.locoxelrojo.com\/independiente\/wp-json\/wp\/v2\/media\/120863"}],"wp:attachment":[{"href":"https:\/\/www.locoxelrojo.com\/independiente\/wp-json\/wp\/v2\/media?parent=120862"}],"wp:term":[{"taxonomy":"category","embeddable":true,"href":"https:\/\/www.locoxelrojo.com\/independiente\/wp-json\/wp\/v2\/categories?post=120862"},{"taxonomy":"post_tag","embeddable":true,"href":"https:\/\/www.locoxelrojo.com\/independiente\/wp-json\/wp\/v2\/tags?post=120862"}],"curies":[{"name":"wp","href":"https:\/\/api.w.org\/{rel}","templated":true}]}}