{"id":121046,"date":"2024-09-17T22:08:39","date_gmt":"2024-09-18T01:08:39","guid":{"rendered":"https:\/\/www.locoxelrojo.com\/independiente\/?p=121046"},"modified":"2024-09-17T22:08:39","modified_gmt":"2024-09-18T01:08:39","slug":"tello-el-arbitro-con-argentinos","status":"publish","type":"post","link":"https:\/\/www.locoxelrojo.com\/independiente\/2024\/09\/17\/tello-el-arbitro-con-argentinos\/","title":{"rendered":"Tello, el \u00e1rbitro con Argentinos"},"content":{"rendered":"<p><strong>Facundo Tello es el \u00e1rbitro designado para el partido entre Independiente y Argentinos Juniors, por la fecha 15 de la Liga Profesional.<\/strong><\/p>\n<p>El pr\u00f3ximo domingo a las 14:30, el Rojo y el Bicho se van a enfrentar en Avellaneda en el estadio Libertadores de Am\u00e9rica &#8211; Ricardo Enrique Bochini. Las estad\u00edsticas del juez con Independiente son favorables: <strong>en 15 partidos hubo 8 victorias, 5 empates y solo 2 derrotas.<\/strong><\/p>\n<p><strong>La \u00faltima vez que estuvo en cancha con Independiente fue en el empate 1-1 ante Atl\u00e9tico Tucum\u00e1n, por la fecha 12 de la Copa de la Liga 2024<\/strong>. Ser\u00e1 su tercer partido en el a\u00f1o arbitrando al Rey de Copas.<\/p>\n<p><iframe loading=\"lazy\" title=\"YouTube video player\" src=\"https:\/\/www.youtube.com\/embed\/tBWkrkzdFCc?si=wgTS9-bpWoND8dwt\" width=\"560\" height=\"315\" frameborder=\"0\" allowfullscreen=\"allowfullscreen\"><\/iframe><\/p>\n<p>Estar\u00e1 acompa\u00f1ado por <strong>Juan Pablo Belatti y Julio Fern\u00e1ndez<\/strong> como asistentes, mientras que <strong>Bruno Bocca<\/strong> ser\u00e1 el cuarto \u00e1rbitro. <strong>Germ\u00e1n Delfino<\/strong> estar\u00e1 en el VAR y <strong>Lucas Germanotta<\/strong> en el AVAR.<\/p>\n","protected":false},"excerpt":{"rendered":"<p>Facundo Tello es el \u00e1rbitro designado para el partido entre Independiente y Argentinos Juniors, por la fecha 15 de la Liga Profesional. El pr\u00f3ximo domingo a las 14:30, el Rojo y el Bicho se van a enfrentar en Avellaneda en el estadio Libertadores de Am\u00e9rica &#8211; Ricardo Enrique Bochini. Las estad\u00edsticas del juez con Independiente [&hellip;]<\/p>\n","protected":false},"author":101035,"featured_media":121047,"comment_status":"open","ping_status":"closed","sticky":false,"template":"","format":"standard","meta":{"_links_to":"","_links_to_target":""},"categories":[3280,3247],"tags":[473,153,3345,815,5629],"_links":{"self":[{"href":"https:\/\/www.locoxelrojo.com\/independiente\/wp-json\/wp\/v2\/posts\/121046"}],"collection":[{"href":"https:\/\/www.locoxelrojo.com\/independiente\/wp-json\/wp\/v2\/posts"}],"about":[{"href":"https:\/\/www.locoxelrojo.com\/independiente\/wp-json\/wp\/v2\/types\/post"}],"author":[{"embeddable":true,"href":"https:\/\/www.locoxelrojo.com\/independiente\/wp-json\/wp\/v2\/users\/101035"}],"replies":[{"embeddable":true,"href":"https:\/\/www.locoxelrojo.com\/independiente\/wp-json\/wp\/v2\/comments?post=121046"}],"version-history":[{"count":1,"href":"https:\/\/www.locoxelrojo.com\/independiente\/wp-json\/wp\/v2\/posts\/121046\/revisions"}],"predecessor-version":[{"id":121048,"href":"https:\/\/www.locoxelrojo.com\/independiente\/wp-json\/wp\/v2\/posts\/121046\/revisions\/121048"}],"wp:featuredmedia":[{"embeddable":true,"href":"https:\/\/www.locoxelrojo.com\/independiente\/wp-json\/wp\/v2\/media\/121047"}],"wp:attachment":[{"href":"https:\/\/www.locoxelrojo.com\/independiente\/wp-json\/wp\/v2\/media?parent=121046"}],"wp:term":[{"taxonomy":"category","embeddable":true,"href":"https:\/\/www.locoxelrojo.com\/independiente\/wp-json\/wp\/v2\/categories?post=121046"},{"taxonomy":"post_tag","embeddable":true,"href":"https:\/\/www.locoxelrojo.com\/independiente\/wp-json\/wp\/v2\/tags?post=121046"}],"curies":[{"name":"wp","href":"https:\/\/api.w.org\/{rel}","templated":true}]}}