{"id":121049,"date":"2024-09-17T23:36:12","date_gmt":"2024-09-18T02:36:12","guid":{"rendered":"https:\/\/www.locoxelrojo.com\/independiente\/?p=121049"},"modified":"2024-09-17T23:36:12","modified_gmt":"2024-09-18T02:36:12","slug":"con-gol-de-barcia-y-varios-jugadores-de-primera-la-reserva-le-gano-al-tomba","status":"publish","type":"post","link":"https:\/\/www.locoxelrojo.com\/independiente\/2024\/09\/17\/con-gol-de-barcia-y-varios-jugadores-de-primera-la-reserva-le-gano-al-tomba\/","title":{"rendered":"Con gol de Barcia y varios jugadores de Primera, la Reserva le gan\u00f3 al Tomba"},"content":{"rendered":"<p><strong>La Reserva de Independiente le gan\u00f3 1-0 a Godoy Cruz<\/strong> en Villa Dom\u00ednico, con gol de Baltasar Barcia, por la fecha 8 de la Copa Proyecci\u00f3n.<\/p>\n<p>Luego de la derrota ante Racing en el Cl\u00e1sico de Avellaneda, el equipo de Pedro Monz\u00f3n volvi\u00f3 a sumar de a 3, y <strong>consigui\u00f3 su primer triunfo como local en el campeonato.<\/strong><\/p>\n<p>Con varios integrantes del Plantel Profesional que bajaron por orden de Julio Vaccari, los 11 del Rojo fueron: <strong>Mateo Morro; Santiago Salle, Bautista Gonz\u00e1lez, Gonzalo Bord\u00f3n, Jonathan De Irastorza; Sergio Ort\u00edz, Mateo P\u00e9rez Curci, Ruben Funes; Nicol\u00e1s Vallejo, Baltasar Barcia y Santiago Hidalgo<\/strong>. Luego, ingresaron de J<strong>erem\u00edas Marchini, Enzo Taborda, Juli\u00e1n Folini y Franco Chasampi<\/strong>.<\/p>\n<p><strong>El \u00fanico tanto del encuentro lleg\u00f3 a los 34 minutos del complemento, cuando Hidalgo dej\u00f3 mano a mano a Barcia con un gran pase entre l\u00edneas, y el uruguayo luego de amagar al arquero del Tomba, defini\u00f3 con el arco libre.<\/strong><\/p>\n<blockquote class=\"instagram-media\" style=\"background: #FFF; border: 0; border-radius: 3px; box-shadow: 0 0 1px 0 rgba(0,0,0,0.5),0 1px 10px 0 rgba(0,0,0,0.15); margin: 1px; max-width: 540px; min-width: 326px; padding: 0; width: calc(100% - 2px);\" data-instgrm-captioned=\"\" data-instgrm-permalink=\"https:\/\/www.instagram.com\/reel\/DAB_VsFPDZx\/?utm_source=ig_embed&amp;utm_campaign=loading\" data-instgrm-version=\"14\">\n<div style=\"padding: 16px;\">\n<p>&nbsp;<\/p>\n<div style=\"display: flex; flex-direction: row; align-items: center;\">\n<div style=\"background-color: #f4f4f4; border-radius: 50%; flex-grow: 0; height: 40px; margin-right: 14px; width: 40px;\"><\/div>\n<div style=\"display: flex; flex-direction: column; flex-grow: 1; justify-content: center;\">\n<div style=\"background-color: #f4f4f4; border-radius: 4px; flex-grow: 0; height: 14px; margin-bottom: 6px; width: 100px;\"><\/div>\n<div style=\"background-color: #f4f4f4; border-radius: 4px; flex-grow: 0; height: 14px; width: 60px;\"><\/div>\n<\/div>\n<\/div>\n<div style=\"padding: 19% 0;\"><\/div>\n<div style=\"display: block; height: 50px; margin: 0 auto 12px; width: 50px;\"><\/div>\n<div style=\"padding-top: 8px;\">\n<div style=\"color: #3897f0; font-family: Arial,sans-serif; font-size: 14px; font-style: normal; font-weight: 550; line-height: 18px;\">Ver esta publicaci\u00f3n en Instagram<\/div>\n<\/div>\n<div style=\"padding: 12.5% 0;\"><\/div>\n<div style=\"display: flex; flex-direction: row; margin-bottom: 14px; align-items: center;\">\n<div>\n<div style=\"background-color: #f4f4f4; border-radius: 50%; height: 12.5px; width: 12.5px; transform: translateX(0px) translateY(7px);\"><\/div>\n<div style=\"background-color: #f4f4f4; height: 12.5px; transform: rotate(-45deg) translateX(3px) translateY(1px); width: 12.5px; flex-grow: 0; margin-right: 14px; margin-left: 2px;\"><\/div>\n<div style=\"background-color: #f4f4f4; border-radius: 50%; height: 12.5px; width: 12.5px; transform: translateX(9px) translateY(-18px);\"><\/div>\n<\/div>\n<div style=\"margin-left: 8px;\">\n<div style=\"background-color: #f4f4f4; border-radius: 50%; flex-grow: 0; height: 20px; width: 20px;\"><\/div>\n<div style=\"width: 0; height: 0; border-top: 2px solid transparent; border-left: 6px solid #f4f4f4; border-bottom: 2px solid transparent; transform: translateX(16px) translateY(-4px) rotate(30deg);\"><\/div>\n<\/div>\n<div style=\"margin-left: auto;\">\n<div style=\"width: 0px; border-top: 8px solid #F4F4F4; border-right: 8px solid transparent; transform: translateY(16px);\"><\/div>\n<div style=\"background-color: #f4f4f4; flex-grow: 0; height: 12px; width: 16px; transform: translateY(-4px);\"><\/div>\n<div style=\"width: 0; height: 0; border-top: 8px solid #F4F4F4; border-left: 8px solid transparent; transform: translateY(-4px) translateX(8px);\"><\/div>\n<\/div>\n<\/div>\n<div style=\"display: flex; flex-direction: column; flex-grow: 1; justify-content: center; margin-bottom: 24px;\">\n<div style=\"background-color: #f4f4f4; border-radius: 4px; flex-grow: 0; height: 14px; margin-bottom: 6px; width: 224px;\"><\/div>\n<div style=\"background-color: #f4f4f4; border-radius: 4px; flex-grow: 0; height: 14px; width: 144px;\"><\/div>\n<\/div>\n<p>&nbsp;<\/p>\n<p style=\"color: #c9c8cd; font-family: Arial,sans-serif; font-size: 14px; line-height: 17px; margin-bottom: 0; margin-top: 8px; overflow: hidden; padding: 8px 0 7px; text-align: center; text-overflow: ellipsis; white-space: nowrap;\"><a style=\"color: #c9c8cd; font-family: Arial,sans-serif; font-size: 14px; font-style: normal; font-weight: normal; line-height: 17px; text-decoration: none;\" href=\"https:\/\/www.instagram.com\/reel\/DAB_VsFPDZx\/?utm_source=ig_embed&amp;utm_campaign=loading\" target=\"_blank\" rel=\"noopener\">Una publicaci\u00f3n compartida de LocoXelRojo.com (@locoxelrojoweb)<\/a><\/p>\n<\/div>\n<\/blockquote>\n<p><script async src=\"\/\/www.instagram.com\/embed.js\"><\/script><\/p>\n<p>A falta de 6 fechas para el final de la fase regular, <strong>Independiente acumula 12 puntos, producto de 3 victorias, 3 empates y 2 derrotas<\/strong>. Por el momento, se ubica dentro de los 8 que pasan a la siguiente fase. <strong>La pr\u00f3xima jornada ser\u00e1 ante Defensa y Justicia de visitante.<\/strong><\/p>\n","protected":false},"excerpt":{"rendered":"<p>La Reserva de Independiente le gan\u00f3 1-0 a Godoy Cruz en Villa Dom\u00ednico, con gol de Baltasar Barcia, por la fecha 8 de la Copa Proyecci\u00f3n. Luego de la derrota ante Racing en el Cl\u00e1sico de Avellaneda, el equipo de Pedro Monz\u00f3n volvi\u00f3 a sumar de a 3, y consigui\u00f3 su primer triunfo como local [&hellip;]<\/p>\n","protected":false},"author":101037,"featured_media":121050,"comment_status":"open","ping_status":"closed","sticky":false,"template":"","format":"standard","meta":{"_links_to":"","_links_to_target":""},"categories":[3247,141],"tags":[5347,5582,571,1742,231,4200],"_links":{"self":[{"href":"https:\/\/www.locoxelrojo.com\/independiente\/wp-json\/wp\/v2\/posts\/121049"}],"collection":[{"href":"https:\/\/www.locoxelrojo.com\/independiente\/wp-json\/wp\/v2\/posts"}],"about":[{"href":"https:\/\/www.locoxelrojo.com\/independiente\/wp-json\/wp\/v2\/types\/post"}],"author":[{"embeddable":true,"href":"https:\/\/www.locoxelrojo.com\/independiente\/wp-json\/wp\/v2\/users\/101037"}],"replies":[{"embeddable":true,"href":"https:\/\/www.locoxelrojo.com\/independiente\/wp-json\/wp\/v2\/comments?post=121049"}],"version-history":[{"count":1,"href":"https:\/\/www.locoxelrojo.com\/independiente\/wp-json\/wp\/v2\/posts\/121049\/revisions"}],"predecessor-version":[{"id":121051,"href":"https:\/\/www.locoxelrojo.com\/independiente\/wp-json\/wp\/v2\/posts\/121049\/revisions\/121051"}],"wp:featuredmedia":[{"embeddable":true,"href":"https:\/\/www.locoxelrojo.com\/independiente\/wp-json\/wp\/v2\/media\/121050"}],"wp:attachment":[{"href":"https:\/\/www.locoxelrojo.com\/independiente\/wp-json\/wp\/v2\/media?parent=121049"}],"wp:term":[{"taxonomy":"category","embeddable":true,"href":"https:\/\/www.locoxelrojo.com\/independiente\/wp-json\/wp\/v2\/categories?post=121049"},{"taxonomy":"post_tag","embeddable":true,"href":"https:\/\/www.locoxelrojo.com\/independiente\/wp-json\/wp\/v2\/tags?post=121049"}],"curies":[{"name":"wp","href":"https:\/\/api.w.org\/{rel}","templated":true}]}}