{"id":121233,"date":"2024-09-30T21:45:53","date_gmt":"2024-10-01T00:45:53","guid":{"rendered":"https:\/\/www.locoxelrojo.com\/independiente\/?p=121233"},"modified":"2024-09-30T21:45:53","modified_gmt":"2024-10-01T00:45:53","slug":"concentrados-vs-tigre-vuelven-dos","status":"publish","type":"post","link":"https:\/\/www.locoxelrojo.com\/independiente\/2024\/09\/30\/concentrados-vs-tigre-vuelven-dos\/","title":{"rendered":"Concentrados vs. Tigre: vuelven dos"},"content":{"rendered":"<p><strong>Independiente dio la lista de convocados para enfrentar a Tigre por la fecha 16 de la Liga Profesional.<\/strong><\/p>\n<p>Julio Vaccari decidi\u00f3 convocar a <strong>24 futbolistas<\/strong> para ir a victoria y jugar ante el Matador, este martes desde las 18:30.<\/p>\n<p>En relaci\u00f3n al encuentro con V\u00e9lez por Copa Argentina, el entrenador decidi\u00f3 que <strong>Federico Vera, Sergio Ort\u00edz y Santiago Hidalgo se queden afuera<\/strong>. Sin embargo, <strong>fueron citados nuevamente Lautaro Mill\u00e1n e Ignacio Maestro Puch.<\/strong><\/p>\n<h2>Los concentrados:<\/h2>\n<p><strong>Arqueros:<\/strong> Diego Segovia y Rodrigo Rey.<\/p>\n<p><strong>Defensores:<\/strong> Joaqu\u00edn Laso, Adri\u00e1n Sp\u00f6rle, Marco Pellegrino, Dami\u00e1n P\u00e9rez, Kevin Lom\u00f3naco, Juan Manuel Fedorco y Santiago Salle.<\/p>\n<p><strong>Mediocampistas:<\/strong> Felipe Loyola, Santiago Toloza, Federico Mancuello, Lautaro Mill\u00e1n, Lucas Gonz\u00e1lez, Alex Luna, David Mart\u00ednez, Ivan Marcone y Jhonny Qui\u00f1\u00f3nez.<\/p>\n<p><strong>Delanteros:<\/strong> Gabriel \u00c1valos, Ignacio Maestro Puch, Santiago L\u00f3pez, Diego Tarzia, Alexis Canelo y Santiago Montiel.<\/p>\n<blockquote class=\"twitter-tweet\">\n<p dir=\"ltr\" lang=\"es\"> Convocados para visitar a Tigre por la 16ta fecha de la Liga Profesional.<a href=\"https:\/\/twitter.com\/hashtag\/TodoRojo?src=hash&amp;ref_src=twsrc%5Etfw\">#TodoRojo<\/a>  <a href=\"https:\/\/t.co\/T1xlLGsDD4\">pic.twitter.com\/T1xlLGsDD4<\/a><\/p>\n<p>\u2014 C. A. Independiente (@Independiente) <a href=\"https:\/\/twitter.com\/Independiente\/status\/1840887120216445293?ref_src=twsrc%5Etfw\">September 30, 2024<\/a><\/p><\/blockquote>\n<p><script async src=\"https:\/\/platform.twitter.com\/widgets.js\" charset=\"utf-8\"><\/script><\/p>\n","protected":false},"excerpt":{"rendered":"<p>Independiente dio la lista de convocados para enfrentar a Tigre por la fecha 16 de la Liga Profesional. Julio Vaccari decidi\u00f3 convocar a 24 futbolistas para ir a victoria y jugar ante el Matador, este martes desde las 18:30. En relaci\u00f3n al encuentro con V\u00e9lez por Copa Argentina, el entrenador decidi\u00f3 que Federico Vera, Sergio [&hellip;]<\/p>\n","protected":false},"author":1,"featured_media":121234,"comment_status":"open","ping_status":"closed","sticky":false,"template":"","format":"standard","meta":{"_links_to":"","_links_to_target":""},"categories":[3247,3],"tags":[153,3029,5567,5556,5633,5149,4200,4582,309],"_links":{"self":[{"href":"https:\/\/www.locoxelrojo.com\/independiente\/wp-json\/wp\/v2\/posts\/121233"}],"collection":[{"href":"https:\/\/www.locoxelrojo.com\/independiente\/wp-json\/wp\/v2\/posts"}],"about":[{"href":"https:\/\/www.locoxelrojo.com\/independiente\/wp-json\/wp\/v2\/types\/post"}],"author":[{"embeddable":true,"href":"https:\/\/www.locoxelrojo.com\/independiente\/wp-json\/wp\/v2\/users\/1"}],"replies":[{"embeddable":true,"href":"https:\/\/www.locoxelrojo.com\/independiente\/wp-json\/wp\/v2\/comments?post=121233"}],"version-history":[{"count":1,"href":"https:\/\/www.locoxelrojo.com\/independiente\/wp-json\/wp\/v2\/posts\/121233\/revisions"}],"predecessor-version":[{"id":121235,"href":"https:\/\/www.locoxelrojo.com\/independiente\/wp-json\/wp\/v2\/posts\/121233\/revisions\/121235"}],"wp:featuredmedia":[{"embeddable":true,"href":"https:\/\/www.locoxelrojo.com\/independiente\/wp-json\/wp\/v2\/media\/121234"}],"wp:attachment":[{"href":"https:\/\/www.locoxelrojo.com\/independiente\/wp-json\/wp\/v2\/media?parent=121233"}],"wp:term":[{"taxonomy":"category","embeddable":true,"href":"https:\/\/www.locoxelrojo.com\/independiente\/wp-json\/wp\/v2\/categories?post=121233"},{"taxonomy":"post_tag","embeddable":true,"href":"https:\/\/www.locoxelrojo.com\/independiente\/wp-json\/wp\/v2\/tags?post=121233"}],"curies":[{"name":"wp","href":"https:\/\/api.w.org\/{rel}","templated":true}]}}