{"id":121349,"date":"2024-10-06T16:40:59","date_gmt":"2024-10-06T19:40:59","guid":{"rendered":"https:\/\/www.locoxelrojo.com\/independiente\/?p=121349"},"modified":"2024-10-06T20:06:21","modified_gmt":"2024-10-06T23:06:21","slug":"loyola-necesitabamos-jugar-bien-queremos-meternos-en-copa-libertadores","status":"publish","type":"post","link":"https:\/\/www.locoxelrojo.com\/independiente\/2024\/10\/06\/loyola-necesitabamos-jugar-bien-queremos-meternos-en-copa-libertadores\/","title":{"rendered":"Loyola: \u201cNecesit\u00e1bamos jugar bien, queremos meternos en Copa Libertadores\u201d"},"content":{"rendered":"<p><strong>Felipe Loyola<\/strong> habl\u00f3 luego de la victoria de Independiente por 3-1 ante Deportivo Riestra en Avellaneda, por la fecha 17 de la Liga Profesional.<\/p>\n<p>El chileno comenz\u00f3 valorando la victoria:<strong> \u201cEstoy contento por el triunfo obviamente, por el grupo. Ven\u00edamos luchando y no se nos hab\u00eda podido dar la victoria, y nos sirve mucho\u201d<\/strong>.<\/p>\n<p>Con respecto al buen juego que mostr\u00f3 el equipo, coment\u00f3:<strong> \u201cNecesit\u00e1bamos jugar bien, poder concretar las ocasiones y asociarnos. Hoy se pudo ver reflejado lo que ven\u00edamos trabajando\u201d<\/strong>.<\/p>\n<p><strong>\u201cSiempre es bueno ganar ac\u00e1 con la gente, nos da confianza. Tenemos que seguir trabajando para lo que viene. La eliminaci\u00f3n por Copa Argentina nos doli\u00f3, perdimos por un detalle y hay que enfocarse en lo que viene. Ojal\u00e1 poder meternos en Copa Libertadores, que es lo que queremos\u201d<\/strong>, agreg\u00f3.<\/p>\n<p>Acerca de los minutos en los que le toc\u00f3 jugar de lateral izquierdo, respondi\u00f3:<strong> \u201cYa lo hab\u00eda hecho. Estoy a disposici\u00f3n de lo que quiera el entrenador y el equipo, para ayudar desde donde me toque\u201d<\/strong>.<\/p>\n<p>Por \u00faltimo, hizo referencia a la patada que recibi\u00f3, que deriv\u00f3 en la expulsi\u00f3n de Alan Barrionuevo: <strong>\u201cNos manoteamos los dos, la pelota sali\u00f3 y desde el piso me tir\u00f3 una patada al cuello que la sent\u00ed. Igual reaccion\u00e9 de mala forma queriendo tirarle un manotazo, pero fue la calentura del momento. Despu\u00e9s la vio el \u00e1rbitro y se vio reflejado que era para expulsi\u00f3n\u201d<\/strong>.<\/p>\n","protected":false},"excerpt":{"rendered":"<p>Felipe Loyola habl\u00f3 luego de la victoria de Independiente por 3-1 ante Deportivo Riestra en Avellaneda, por la fecha 17 de la Liga Profesional. El chileno comenz\u00f3 valorando la victoria: \u201cEstoy contento por el triunfo obviamente, por el grupo. Ven\u00edamos luchando y no se nos hab\u00eda podido dar la victoria, y nos sirve mucho\u201d. Con [&hellip;]<\/p>\n","protected":false},"author":101037,"featured_media":121351,"comment_status":"open","ping_status":"closed","sticky":false,"template":"","format":"standard","meta":{"_links_to":"","_links_to_target":""},"categories":[3247,3],"tags":[153,3373,5659,5629],"_links":{"self":[{"href":"https:\/\/www.locoxelrojo.com\/independiente\/wp-json\/wp\/v2\/posts\/121349"}],"collection":[{"href":"https:\/\/www.locoxelrojo.com\/independiente\/wp-json\/wp\/v2\/posts"}],"about":[{"href":"https:\/\/www.locoxelrojo.com\/independiente\/wp-json\/wp\/v2\/types\/post"}],"author":[{"embeddable":true,"href":"https:\/\/www.locoxelrojo.com\/independiente\/wp-json\/wp\/v2\/users\/101037"}],"replies":[{"embeddable":true,"href":"https:\/\/www.locoxelrojo.com\/independiente\/wp-json\/wp\/v2\/comments?post=121349"}],"version-history":[{"count":1,"href":"https:\/\/www.locoxelrojo.com\/independiente\/wp-json\/wp\/v2\/posts\/121349\/revisions"}],"predecessor-version":[{"id":121350,"href":"https:\/\/www.locoxelrojo.com\/independiente\/wp-json\/wp\/v2\/posts\/121349\/revisions\/121350"}],"wp:featuredmedia":[{"embeddable":true,"href":"https:\/\/www.locoxelrojo.com\/independiente\/wp-json\/wp\/v2\/media\/121351"}],"wp:attachment":[{"href":"https:\/\/www.locoxelrojo.com\/independiente\/wp-json\/wp\/v2\/media?parent=121349"}],"wp:term":[{"taxonomy":"category","embeddable":true,"href":"https:\/\/www.locoxelrojo.com\/independiente\/wp-json\/wp\/v2\/categories?post=121349"},{"taxonomy":"post_tag","embeddable":true,"href":"https:\/\/www.locoxelrojo.com\/independiente\/wp-json\/wp\/v2\/tags?post=121349"}],"curies":[{"name":"wp","href":"https:\/\/api.w.org\/{rel}","templated":true}]}}