{"id":12138,"date":"2011-10-20T16:54:50","date_gmt":"2011-10-20T19:54:50","guid":{"rendered":"http:\/\/www.locoxelrojo.com.ar\/independiente\/?p=12138"},"modified":"2011-10-20T16:54:50","modified_gmt":"2011-10-20T19:54:50","slug":"ramon-diaz-venimos-trabajando-muy-duro","status":"publish","type":"post","link":"https:\/\/www.locoxelrojo.com\/independiente\/2011\/10\/20\/ramon-diaz-venimos-trabajando-muy-duro\/","title":{"rendered":"Ram\u00f3n D\u00edaz: &#8220;Venimos trabajando muy duro&#8221;"},"content":{"rendered":"<p><a href=\"http:\/\/www.locoxelrojo.com.ar\/independiente\/wp-content\/uploads\/2011\/10\/ramon_nota.jpg\"><img loading=\"lazy\" class=\"alignnone size-full wp-image-12139\" title=\"ramon_nota\" src=\"http:\/\/www.locoxelrojo.com.ar\/independiente\/wp-content\/uploads\/2011\/10\/ramon_nota.jpg\" alt=\"\" width=\"590\" height=\"315\" srcset=\"https:\/\/locoxelrojo.com\/independiente\/wp-content\/uploads\/2011\/10\/ramon_nota.jpg 590w, https:\/\/locoxelrojo.com\/independiente\/wp-content\/uploads\/2011\/10\/ramon_nota-300x160.jpg 300w\" sizes=\"(max-width: 590px) 100vw, 590px\" \/><\/a><\/p>\n<p>Ram\u00f3n D\u00edaz al finalizar el entrenamiento habl\u00f3 para <strong>Un Buen Momento<\/strong>, el programa de Mariano Closs en radio La Red. Entre otras cosas el entrenador habl\u00f3 de los trabajos f\u00edsicos que viene realizando el equipo, del buen momento por el que est\u00e1n pasando algunos jugadores, sobre la falta de gol y destac\u00f3 a <a href=\"http:\/\/www.locoxelrojo.com.ar\/independiente\/2011\/10\/19\/martin-benitez-ramon-me-dijo-que-me-van-a-llevar-de-a-poco\/\">Mart\u00edn Ben\u00edtez<\/a> el juvenil que subi\u00f3 a Primera Divisi\u00f3n y ayer te lo presentamos en <strong>LocoxelRojo<\/strong>.<\/p>\n<p><strong>\u201cVenimos trabajando muy duro, a\u00fan los necesitamos, pero hoy bajamos las cargas porqe ma\u00f1ana queremos hacer f\u00fatbol&#8221;<\/strong>, coment\u00f3 el entrenador a quien se lo not\u00f3 muy contento y de buen \u00e1nimo. <strong>&#8220;Estoy contento por lo que los jugadores se brindan en todo momento. Para m\u00ed, ya se recuperaron\u201d<\/strong>, dijo.<\/p>\n<p>Tuvo palabras de elogio con jugadores que ven\u00edan jugando poco y desde que lleg\u00f3 se fueron ganando un lugar en el equipo. <strong>\u201cEst\u00e1n todos en un muy buen nivel, muy parejos. Hay casos como los de N\u00fa\u00f1ez, Godoy o Defederico, que est\u00e1n respondiendo&#8221;<\/strong>, declar\u00f3.<\/p>\n<p>Pero fiel a su estilo, le mand\u00f3 un mensaje al actual entrenador de la Selecci\u00f3n Argentina: &#8220;<strong>hay rendimientos muy altos como Juli\u00e1n Vel\u00e1zquez, que yo creo que Sabella lo tendr\u00eda que estar viendo para la selecci\u00f3n, al igual que a Gabriel Milito que tiene una gran jerarqu\u00eda y ahora lo tenemos muy bien\u201d<\/strong>.<\/p>\n<p><strong>&#8220;Nuestra exigencia es muy grande. No queremos que el equipo presione solamente 45 minutos, buscamos que lo haga los 90 y es por eso que hacemos mucho hincap\u00ede en lo f\u00edsico. Tenemos que definir las situaciones cuando llegamos&#8221;<\/strong>, describi\u00f3 Ram\u00f3n su idea de juego y el porque de tanto trabajos f\u00edsicos.<\/p>\n<p>El d\u00e9ficit de Independiente pasa por la definici\u00f3n y falta de gol. El equipo llega mucho y convierte poco. \u201c<strong>En estos d\u00edas trabaj\u00e9 con los delanteros. Tenemos que llegar y definir, porque generamos muchas jugadas y no las convertimos\u201d<\/strong>, cont\u00f3 el riojano.<\/p>\n<p>Por \u00faltimo habl\u00f3 sobre otra de las joyas que hay en las inferiores del Rojo. Mart\u00edn Ben\u00edtez es un juvenil que se destac\u00f3 en una de las pr\u00e1cticas de f\u00fatbol que Ram\u00f3n realiz\u00f3 cuando lleg\u00f3. Al pibe lo subi\u00f3 a Primera Divisi\u00f3n y lo est\u00e1 cuidando y llevando de a poco.<strong> \u201cDejenl\u00f3. M\u00e1s de uno se va a llevar una sorpresa. Tiene mucha calidad, pero hay que prepararlo y llevarlo de a poco para que lo pueda demostrar\u201d<\/strong>.<\/p>\n","protected":false},"excerpt":{"rendered":"<p>Ram\u00f3n D\u00edaz al finalizar el entrenamiento habl\u00f3 para Un Buen Momento, el programa de Mariano Closs en radio La Red. Entre otras cosas el entrenador habl\u00f3 de los trabajos f\u00edsicos que viene realizando el equipo, del buen momento por el que est\u00e1n pasando algunos jugadores, sobre la falta de gol y destac\u00f3 a Mart\u00edn Ben\u00edtez [&hellip;]<\/p>\n","protected":false},"author":1,"featured_media":0,"comment_status":"open","ping_status":"open","sticky":false,"template":"","format":"standard","meta":{"_links_to":"","_links_to_target":""},"categories":[3,1],"tags":[153,29,42,32,87,425,258,379,426,500,484],"_links":{"self":[{"href":"https:\/\/www.locoxelrojo.com\/independiente\/wp-json\/wp\/v2\/posts\/12138"}],"collection":[{"href":"https:\/\/www.locoxelrojo.com\/independiente\/wp-json\/wp\/v2\/posts"}],"about":[{"href":"https:\/\/www.locoxelrojo.com\/independiente\/wp-json\/wp\/v2\/types\/post"}],"author":[{"embeddable":true,"href":"https:\/\/www.locoxelrojo.com\/independiente\/wp-json\/wp\/v2\/users\/1"}],"replies":[{"embeddable":true,"href":"https:\/\/www.locoxelrojo.com\/independiente\/wp-json\/wp\/v2\/comments?post=12138"}],"version-history":[{"count":0,"href":"https:\/\/www.locoxelrojo.com\/independiente\/wp-json\/wp\/v2\/posts\/12138\/revisions"}],"wp:attachment":[{"href":"https:\/\/www.locoxelrojo.com\/independiente\/wp-json\/wp\/v2\/media?parent=12138"}],"wp:term":[{"taxonomy":"category","embeddable":true,"href":"https:\/\/www.locoxelrojo.com\/independiente\/wp-json\/wp\/v2\/categories?post=12138"},{"taxonomy":"post_tag","embeddable":true,"href":"https:\/\/www.locoxelrojo.com\/independiente\/wp-json\/wp\/v2\/tags?post=12138"}],"curies":[{"name":"wp","href":"https:\/\/api.w.org\/{rel}","templated":true}]}}