{"id":121447,"date":"2024-10-12T20:27:54","date_gmt":"2024-10-12T23:27:54","guid":{"rendered":"https:\/\/www.locoxelrojo.com\/independiente\/?p=121447"},"modified":"2024-10-13T01:21:15","modified_gmt":"2024-10-13T04:21:15","slug":"pesima-jornada-de-las-divisiones-inferiores-en-el-clasico","status":"publish","type":"post","link":"https:\/\/www.locoxelrojo.com\/independiente\/2024\/10\/12\/pesima-jornada-de-las-divisiones-inferiores-en-el-clasico\/","title":{"rendered":"P\u00e9sima jornada de las Divisiones Inferiores en el Cl\u00e1sico"},"content":{"rendered":"<p>Independiente disput\u00f3 su jornada 25 en el Torneo de Inferiores frente a Racing, en donde <strong>obtuvo 3 puntos de 18 posibles.<\/strong><\/p>\n<p>Las categor\u00edas menores recibieron a la Academia en Villa Dom\u00ednico, mientras que los mayores visitaron el Predio Tita Mattiussi.<\/p>\n<p>La <strong>Novena cay\u00f3 3-0<\/strong>, la <strong>Octava igual\u00f3 1-1 con gol de Mateo Fern\u00e1ndez<\/strong>, y la <strong>S\u00e9ptima perdi\u00f3 1-0<\/strong>. Por su parte, la <strong>Sexta perdi\u00f3 3-1, Leonel Galvan fue quien descont\u00f3<\/strong>, la <strong>Quinta empat\u00f3 1-1 con Mirko D\u00edaz como autor del tanto Rojo<\/strong>, y la <strong>Cuarta no pas\u00f3 del 0-0<\/strong>.<\/p>\n<p>Floj\u00edsima actuaci\u00f3n para los chicos del Rey de Copas en el Cl\u00e1sico de Avellaneda, que <strong>no pudieron conseguir victorias, solo cosecharon 3 empates y acumularon 3 derrotas<\/strong>. La <strong>pr\u00f3xima fecha<\/strong>, se medir\u00e1n <strong>ante Uni\u00f3n de Santa Fe<\/strong>, el <strong>26 de octubre<\/strong>.<\/p>\n<blockquote class=\"twitter-tweet\">\n<p dir=\"ltr\" lang=\"es\">Resumen de la jornada cl\u00e1sica de Juveniles frente a Racing.<a href=\"https:\/\/twitter.com\/hashtag\/TodoRojo?src=hash&amp;ref_src=twsrc%5Etfw\">#TodoRojo<\/a>  <a href=\"https:\/\/t.co\/D6wS4FKZYR\">pic.twitter.com\/D6wS4FKZYR<\/a><\/p>\n<p>\u2014 C. A. Independiente (@Independiente) <a href=\"https:\/\/twitter.com\/Independiente\/status\/1845190894619963517?ref_src=twsrc%5Etfw\">October 12, 2024<\/a><\/p><\/blockquote>\n<p><script async src=\"https:\/\/platform.twitter.com\/widgets.js\" charset=\"utf-8\"><\/script><\/p>\n","protected":false},"excerpt":{"rendered":"<p>Independiente disput\u00f3 su jornada 25 en el Torneo de Inferiores frente a Racing, en donde obtuvo 3 puntos de 18 posibles. Las categor\u00edas menores recibieron a la Academia en Villa Dom\u00ednico, mientras que los mayores visitaron el Predio Tita Mattiussi. La Novena cay\u00f3 3-0, la Octava igual\u00f3 1-1 con gol de Mateo Fern\u00e1ndez, y la [&hellip;]<\/p>\n","protected":false},"author":101038,"featured_media":121449,"comment_status":"open","ping_status":"closed","sticky":false,"template":"","format":"standard","meta":{"_links_to":"","_links_to_target":""},"categories":[3247,5],"tags":[3265,4952,4423,5611,1994],"_links":{"self":[{"href":"https:\/\/www.locoxelrojo.com\/independiente\/wp-json\/wp\/v2\/posts\/121447"}],"collection":[{"href":"https:\/\/www.locoxelrojo.com\/independiente\/wp-json\/wp\/v2\/posts"}],"about":[{"href":"https:\/\/www.locoxelrojo.com\/independiente\/wp-json\/wp\/v2\/types\/post"}],"author":[{"embeddable":true,"href":"https:\/\/www.locoxelrojo.com\/independiente\/wp-json\/wp\/v2\/users\/101038"}],"replies":[{"embeddable":true,"href":"https:\/\/www.locoxelrojo.com\/independiente\/wp-json\/wp\/v2\/comments?post=121447"}],"version-history":[{"count":3,"href":"https:\/\/www.locoxelrojo.com\/independiente\/wp-json\/wp\/v2\/posts\/121447\/revisions"}],"predecessor-version":[{"id":121461,"href":"https:\/\/www.locoxelrojo.com\/independiente\/wp-json\/wp\/v2\/posts\/121447\/revisions\/121461"}],"wp:featuredmedia":[{"embeddable":true,"href":"https:\/\/www.locoxelrojo.com\/independiente\/wp-json\/wp\/v2\/media\/121449"}],"wp:attachment":[{"href":"https:\/\/www.locoxelrojo.com\/independiente\/wp-json\/wp\/v2\/media?parent=121447"}],"wp:term":[{"taxonomy":"category","embeddable":true,"href":"https:\/\/www.locoxelrojo.com\/independiente\/wp-json\/wp\/v2\/categories?post=121447"},{"taxonomy":"post_tag","embeddable":true,"href":"https:\/\/www.locoxelrojo.com\/independiente\/wp-json\/wp\/v2\/tags?post=121447"}],"curies":[{"name":"wp","href":"https:\/\/api.w.org\/{rel}","templated":true}]}}