{"id":121547,"date":"2024-10-18T21:35:10","date_gmt":"2024-10-19T00:35:10","guid":{"rendered":"https:\/\/www.locoxelrojo.com\/independiente\/?p=121547"},"modified":"2024-10-19T01:27:28","modified_gmt":"2024-10-19T04:27:28","slug":"avalos-estoy-contento-el-gol-me-da-mucha-confianza-y-nunca-baje-los-brazos","status":"publish","type":"post","link":"https:\/\/www.locoxelrojo.com\/independiente\/2024\/10\/18\/avalos-estoy-contento-el-gol-me-da-mucha-confianza-y-nunca-baje-los-brazos\/","title":{"rendered":"\u00c1valos: &#8220;Estoy contento, el gol me da mucha confianza y nunca baj\u00e9 los brazos&#8221;"},"content":{"rendered":"<p><strong>Gabriel \u00c1valos<\/strong> habl\u00f3 luego de l<a href=\"https:\/\/www.locoxelrojo.com\/independiente\/2024\/10\/18\/triunfazo-en-el-sur\/\">a victoria 2-0 de Independiente ante Lan\u00fas<\/a>, en la fecha 18 de la Liga Profesional.<\/p>\n<p><strong>&#8220;El triunfo me deja un saldo positivo en lo personal y en lo grupal. Hab\u00edamos sufrido bastante en el primer tiempo y no est\u00e1bamos encontrando nuestro juego. Lan\u00fas tiene un gran plantel&#8221;<\/strong>, expres\u00f3 el delantero paraguayo que fue una pieza fundamental para que el Rojo se vuelva contento a Avellaneda.<\/p>\n<p>\u00c1valos, volvi\u00f3 a convertir y fue el encargado de cerrar el marcador. Adem\u00e1s, le dio la asistencia a Federico Mancuello en el primero. <strong>&#8220;El gol me da mucha confianza. Es algo que ven\u00eda buscando y trabajando hace tiempo. Nunca baje los brazos, siempre confiando y estoy contento&#8221;<\/strong>, manifest\u00f3.<\/p>\n<p><strong>&#8220;Con los t\u00e9cnicos que han estado, tanto Carlos Tevez, Hugo Tocalli y ahora Julio Vaccari, me han dado la confianza. No ven\u00eda haciendo goles seguido, pero mis trabajos para el equipo siempre fueron positivos&#8221;<\/strong>, agreg\u00f3.<\/p>\n<p>Jugar un torneo internacional en el 2025 es una de las metas que tiene el club. <strong>&#8220;Es un objetivo que vamos a buscar. Nos llevamos una victoria muy importante, que suma mucho para eso y tambi\u00e9n en lo an\u00edmico. Seguiremos trabajando e iremos partido a partido. Hay que pensar en seguir sacando puntos y al final del torneo veremos&#8221;<\/strong>, cerr\u00f3.<\/p>\n","protected":false},"excerpt":{"rendered":"<p>Gabriel \u00c1valos habl\u00f3 luego de la victoria 2-0 de Independiente ante Lan\u00fas, en la fecha 18 de la Liga Profesional. &#8220;El triunfo me deja un saldo positivo en lo personal y en lo grupal. Hab\u00edamos sufrido bastante en el primer tiempo y no est\u00e1bamos encontrando nuestro juego. Lan\u00fas tiene un gran plantel&#8221;, expres\u00f3 el delantero [&hellip;]<\/p>\n","protected":false},"author":1,"featured_media":121551,"comment_status":"open","ping_status":"closed","sticky":false,"template":"","format":"standard","meta":{"_links_to":"","_links_to_target":""},"categories":[3247,3],"tags":[153,5545,326,5629],"_links":{"self":[{"href":"https:\/\/www.locoxelrojo.com\/independiente\/wp-json\/wp\/v2\/posts\/121547"}],"collection":[{"href":"https:\/\/www.locoxelrojo.com\/independiente\/wp-json\/wp\/v2\/posts"}],"about":[{"href":"https:\/\/www.locoxelrojo.com\/independiente\/wp-json\/wp\/v2\/types\/post"}],"author":[{"embeddable":true,"href":"https:\/\/www.locoxelrojo.com\/independiente\/wp-json\/wp\/v2\/users\/1"}],"replies":[{"embeddable":true,"href":"https:\/\/www.locoxelrojo.com\/independiente\/wp-json\/wp\/v2\/comments?post=121547"}],"version-history":[{"count":2,"href":"https:\/\/www.locoxelrojo.com\/independiente\/wp-json\/wp\/v2\/posts\/121547\/revisions"}],"predecessor-version":[{"id":121552,"href":"https:\/\/www.locoxelrojo.com\/independiente\/wp-json\/wp\/v2\/posts\/121547\/revisions\/121552"}],"wp:featuredmedia":[{"embeddable":true,"href":"https:\/\/www.locoxelrojo.com\/independiente\/wp-json\/wp\/v2\/media\/121551"}],"wp:attachment":[{"href":"https:\/\/www.locoxelrojo.com\/independiente\/wp-json\/wp\/v2\/media?parent=121547"}],"wp:term":[{"taxonomy":"category","embeddable":true,"href":"https:\/\/www.locoxelrojo.com\/independiente\/wp-json\/wp\/v2\/categories?post=121547"},{"taxonomy":"post_tag","embeddable":true,"href":"https:\/\/www.locoxelrojo.com\/independiente\/wp-json\/wp\/v2\/tags?post=121547"}],"curies":[{"name":"wp","href":"https:\/\/api.w.org\/{rel}","templated":true}]}}