{"id":121578,"date":"2024-10-21T14:28:51","date_gmt":"2024-10-21T17:28:51","guid":{"rendered":"https:\/\/www.locoxelrojo.com\/independiente\/?p=121578"},"modified":"2024-10-21T14:28:51","modified_gmt":"2024-10-21T17:28:51","slug":"se-copan","status":"publish","type":"post","link":"https:\/\/www.locoxelrojo.com\/independiente\/2024\/10\/21\/se-copan\/","title":{"rendered":"\u00bfSe copan?"},"content":{"rendered":"<p><strong>Independiente cerr\u00f3 la fecha 18 de la Liga Profesional en puestos de clasificaci\u00f3n a la Copa Sudamericana, y a muy pocos puntos de la Copa Libertadores, a falta de 9 encuentros para el cierre.<\/strong><\/p>\n<p>Tras derrotar a Lan\u00fas 2-0, el <strong>Rojo hab\u00eda quedado moment\u00e1neamente octavo en la tabla anual<\/strong>, sin embargo, <strong>con las victorias de Hurac\u00e1n ante Uni\u00f3n<\/strong> (1-0) y <strong>Argentinos Juniors a Talleres<\/strong> (3-0),<strong> y la derrota de Instituto frente a Estudiantes<\/strong> (2-3),<strong> finaliz\u00f3 en la d\u00e9cima y \u00faltima ubicaci\u00f3n para clasificarse a los torneos internacionales<\/strong>.<\/p>\n<p>Las chances que tiene el equipo de Vaccari de participar del segundo certamen m\u00e1s importante de Sudam\u00e9rica van creciendo, dado que <strong>si ocurren determinados resultados<\/strong>, <strong>la cantidad de cupos podr\u00edan estirarse<\/strong>. Lo mismo pasa con la Libertadores, ya que por ejemplo <strong>si V\u00e9lez sale campe\u00f3n de la Liga Profesional<\/strong> <strong>libera cupo<\/strong>, al igual que <strong>si River logra levantar su quinta Libertadores<\/strong>.<\/p>\n<p>Pero m\u00e1s all\u00e1 de las especulaciones, <strong>la pelota la tiene ahora Independiente<\/strong>. T<strong>ras 2 a\u00f1os sin disputar competencias internacionales<\/strong>, <strong>tiene la imperiosa necesidad de cortar la sequ\u00eda<\/strong>. El pr\u00f3ximo paso hac\u00eda ese objetivo se llama <a href=\"https:\/\/www.locoxelrojo.com\/independiente\/2024\/10\/07\/dias-y-horarios-de-las-proximas-cinco-fechas\/\">Godoy Cruz, el pr\u00f3ximo s\u00e1bado 19:30.<\/a><\/p>\n<blockquote class=\"instagram-media\" style=\"background: #FFF; border: 0; border-radius: 3px; box-shadow: 0 0 1px 0 rgba(0,0,0,0.5),0 1px 10px 0 rgba(0,0,0,0.15); margin: 1px; max-width: 540px; min-width: 326px; padding: 0; width: calc(100% - 2px);\" data-instgrm-captioned=\"\" data-instgrm-permalink=\"https:\/\/www.instagram.com\/p\/DBXQtnYPk33\/?utm_source=ig_embed&amp;utm_campaign=loading\" data-instgrm-version=\"14\">\n<div style=\"padding: 16px;\">\n<p>&nbsp;<\/p>\n<div style=\"display: flex; flex-direction: row; align-items: center;\">\n<div style=\"background-color: #f4f4f4; border-radius: 50%; flex-grow: 0; height: 40px; margin-right: 14px; width: 40px;\"><\/div>\n<div style=\"display: flex; flex-direction: column; flex-grow: 1; justify-content: center;\">\n<div style=\"background-color: #f4f4f4; border-radius: 4px; flex-grow: 0; height: 14px; margin-bottom: 6px; width: 100px;\"><\/div>\n<div style=\"background-color: #f4f4f4; border-radius: 4px; flex-grow: 0; height: 14px; width: 60px;\"><\/div>\n<\/div>\n<\/div>\n<div style=\"padding: 19% 0;\"><\/div>\n<div style=\"display: block; height: 50px; margin: 0 auto 12px; width: 50px;\"><\/div>\n<div style=\"padding-top: 8px;\">\n<div style=\"color: #3897f0; font-family: Arial,sans-serif; font-size: 14px; font-style: normal; font-weight: 550; line-height: 18px;\">Ver esta publicaci\u00f3n en Instagram<\/div>\n<\/div>\n<div style=\"padding: 12.5% 0;\"><\/div>\n<div style=\"display: flex; flex-direction: row; margin-bottom: 14px; align-items: center;\">\n<div>\n<div style=\"background-color: #f4f4f4; border-radius: 50%; height: 12.5px; width: 12.5px; transform: translateX(0px) translateY(7px);\"><\/div>\n<div style=\"background-color: #f4f4f4; height: 12.5px; transform: rotate(-45deg) translateX(3px) translateY(1px); width: 12.5px; flex-grow: 0; margin-right: 14px; margin-left: 2px;\"><\/div>\n<div style=\"background-color: #f4f4f4; border-radius: 50%; height: 12.5px; width: 12.5px; transform: translateX(9px) translateY(-18px);\"><\/div>\n<\/div>\n<div style=\"margin-left: 8px;\">\n<div style=\"background-color: #f4f4f4; border-radius: 50%; flex-grow: 0; height: 20px; width: 20px;\"><\/div>\n<div style=\"width: 0; height: 0; border-top: 2px solid transparent; border-left: 6px solid #f4f4f4; border-bottom: 2px solid transparent; transform: translateX(16px) translateY(-4px) rotate(30deg);\"><\/div>\n<\/div>\n<div style=\"margin-left: auto;\">\n<div style=\"width: 0px; border-top: 8px solid #F4F4F4; border-right: 8px solid transparent; transform: translateY(16px);\"><\/div>\n<div style=\"background-color: #f4f4f4; flex-grow: 0; height: 12px; width: 16px; transform: translateY(-4px);\"><\/div>\n<div style=\"width: 0; height: 0; border-top: 8px solid #F4F4F4; border-left: 8px solid transparent; transform: translateY(-4px) translateX(8px);\"><\/div>\n<\/div>\n<\/div>\n<div style=\"display: flex; flex-direction: column; flex-grow: 1; justify-content: center; margin-bottom: 24px;\">\n<div style=\"background-color: #f4f4f4; border-radius: 4px; flex-grow: 0; height: 14px; margin-bottom: 6px; width: 224px;\"><\/div>\n<div style=\"background-color: #f4f4f4; border-radius: 4px; flex-grow: 0; height: 14px; width: 144px;\"><\/div>\n<\/div>\n<p>&nbsp;<\/p>\n<p style=\"color: #c9c8cd; font-family: Arial,sans-serif; font-size: 14px; line-height: 17px; margin-bottom: 0; margin-top: 8px; overflow: hidden; padding: 8px 0 7px; text-align: center; text-overflow: ellipsis; white-space: nowrap;\"><a style=\"color: #c9c8cd; font-family: Arial,sans-serif; font-size: 14px; font-style: normal; font-weight: normal; line-height: 17px; text-decoration: none;\" href=\"https:\/\/www.instagram.com\/p\/DBXQtnYPk33\/?utm_source=ig_embed&amp;utm_campaign=loading\" target=\"_blank\" rel=\"noopener\">Una publicaci\u00f3n compartida por LocoXelRojo.com (@locoxelrojoweb)<\/a><\/p>\n<\/div>\n<\/blockquote>\n<p><script async src=\"\/\/www.instagram.com\/embed.js\"><\/script><\/p>\n","protected":false},"excerpt":{"rendered":"<p>Independiente cerr\u00f3 la fecha 18 de la Liga Profesional en puestos de clasificaci\u00f3n a la Copa Sudamericana, y a muy pocos puntos de la Copa Libertadores, a falta de 9 encuentros para el cierre. Tras derrotar a Lan\u00fas 2-0, el Rojo hab\u00eda quedado moment\u00e1neamente octavo en la tabla anual, sin embargo, con las victorias de [&hellip;]<\/p>\n","protected":false},"author":101038,"featured_media":121579,"comment_status":"open","ping_status":"closed","sticky":false,"template":"","format":"standard","meta":{"_links_to":"","_links_to_target":""},"categories":[3247,3],"tags":[153,223,3266,5633],"_links":{"self":[{"href":"https:\/\/www.locoxelrojo.com\/independiente\/wp-json\/wp\/v2\/posts\/121578"}],"collection":[{"href":"https:\/\/www.locoxelrojo.com\/independiente\/wp-json\/wp\/v2\/posts"}],"about":[{"href":"https:\/\/www.locoxelrojo.com\/independiente\/wp-json\/wp\/v2\/types\/post"}],"author":[{"embeddable":true,"href":"https:\/\/www.locoxelrojo.com\/independiente\/wp-json\/wp\/v2\/users\/101038"}],"replies":[{"embeddable":true,"href":"https:\/\/www.locoxelrojo.com\/independiente\/wp-json\/wp\/v2\/comments?post=121578"}],"version-history":[{"count":3,"href":"https:\/\/www.locoxelrojo.com\/independiente\/wp-json\/wp\/v2\/posts\/121578\/revisions"}],"predecessor-version":[{"id":121589,"href":"https:\/\/www.locoxelrojo.com\/independiente\/wp-json\/wp\/v2\/posts\/121578\/revisions\/121589"}],"wp:featuredmedia":[{"embeddable":true,"href":"https:\/\/www.locoxelrojo.com\/independiente\/wp-json\/wp\/v2\/media\/121579"}],"wp:attachment":[{"href":"https:\/\/www.locoxelrojo.com\/independiente\/wp-json\/wp\/v2\/media?parent=121578"}],"wp:term":[{"taxonomy":"category","embeddable":true,"href":"https:\/\/www.locoxelrojo.com\/independiente\/wp-json\/wp\/v2\/categories?post=121578"},{"taxonomy":"post_tag","embeddable":true,"href":"https:\/\/www.locoxelrojo.com\/independiente\/wp-json\/wp\/v2\/tags?post=121578"}],"curies":[{"name":"wp","href":"https:\/\/api.w.org\/{rel}","templated":true}]}}