{"id":121663,"date":"2024-10-25T22:30:10","date_gmt":"2024-10-26T01:30:10","guid":{"rendered":"https:\/\/www.locoxelrojo.com\/independiente\/?p=121663"},"modified":"2024-10-26T00:50:07","modified_gmt":"2024-10-26T03:50:07","slug":"tarzia-y-pellegrino-pidieron-perdon","status":"publish","type":"post","link":"https:\/\/www.locoxelrojo.com\/independiente\/2024\/10\/25\/tarzia-y-pellegrino-pidieron-perdon\/","title":{"rendered":"Tarzia y Pellegrino pidieron perd\u00f3n"},"content":{"rendered":"<p><strong>Diego Tarzia y Marco Pellegrino<\/strong> pidieron disculpas en sus redes sociales por los hechos extradeportivos que sucedieron d\u00edas atr\u00e1s.<\/p>\n<p>En las \u00faltimas horas <strong><a href=\"https:\/\/www.locoxelrojo.com\/independiente\/2024\/10\/25\/les-salio-mal-la-jodita\/\">se difundieron fotos de los futbolistas de Independiente<\/a> en un yate con varias modelos e influencers.<\/strong><\/p>\n<p><strong>Tras esta situaci\u00f3n, algunas anteriores y otras que pasaron en esta semana<\/strong>, el cuerpo t\u00e9cnico del Rojo tom\u00f3 la decisi\u00f3n de que <strong>ninguno de los dos concentre para el partido de este s\u00e1bado ante Godoy Cruz.<\/strong><\/p>\n<p>Pasadas unas horas de la pol\u00e9mica, <strong>tanto Tarzia como Pellegrino se disculparon en sus redes sociales.<\/strong><\/p>\n<p><a href=\"https:\/\/locoxelrojo.com\/independiente\/wp-content\/uploads\/2024\/10\/diego-tarzia-disculpas-independiente.jpeg\"><img loading=\"lazy\" class=\"aligncenter size-large wp-image-121664\" src=\"https:\/\/locoxelrojo.com\/independiente\/wp-content\/uploads\/2024\/10\/diego-tarzia-disculpas-independiente-807x1024.jpeg\" alt=\"diego-tarzia-disculpas-independiente\" width=\"696\" height=\"883\" srcset=\"https:\/\/locoxelrojo.com\/independiente\/wp-content\/uploads\/2024\/10\/diego-tarzia-disculpas-independiente-807x1024.jpeg 807w, https:\/\/locoxelrojo.com\/independiente\/wp-content\/uploads\/2024\/10\/diego-tarzia-disculpas-independiente-236x300.jpeg 236w, https:\/\/locoxelrojo.com\/independiente\/wp-content\/uploads\/2024\/10\/diego-tarzia-disculpas-independiente-768x975.jpeg 768w, https:\/\/locoxelrojo.com\/independiente\/wp-content\/uploads\/2024\/10\/diego-tarzia-disculpas-independiente-696x884.jpeg 696w, https:\/\/locoxelrojo.com\/independiente\/wp-content\/uploads\/2024\/10\/diego-tarzia-disculpas-independiente-1068x1356.jpeg 1068w, https:\/\/locoxelrojo.com\/independiente\/wp-content\/uploads\/2024\/10\/diego-tarzia-disculpas-independiente-331x420.jpeg 331w, https:\/\/locoxelrojo.com\/independiente\/wp-content\/uploads\/2024\/10\/diego-tarzia-disculpas-independiente.jpeg 1080w\" sizes=\"(max-width: 696px) 100vw, 696px\" \/><\/a><\/p>\n<p><a href=\"https:\/\/locoxelrojo.com\/independiente\/wp-content\/uploads\/2024\/10\/marco-pellegrino-disculpas-independiente.jpeg\"><img loading=\"lazy\" class=\"aligncenter size-large wp-image-121665\" src=\"https:\/\/locoxelrojo.com\/independiente\/wp-content\/uploads\/2024\/10\/marco-pellegrino-disculpas-independiente-744x1024.jpeg\" alt=\"marco-pellegrino-disculpas-independiente\" width=\"696\" height=\"958\" srcset=\"https:\/\/locoxelrojo.com\/independiente\/wp-content\/uploads\/2024\/10\/marco-pellegrino-disculpas-independiente-744x1024.jpeg 744w, https:\/\/locoxelrojo.com\/independiente\/wp-content\/uploads\/2024\/10\/marco-pellegrino-disculpas-independiente-218x300.jpeg 218w, https:\/\/locoxelrojo.com\/independiente\/wp-content\/uploads\/2024\/10\/marco-pellegrino-disculpas-independiente-768x1057.jpeg 768w, https:\/\/locoxelrojo.com\/independiente\/wp-content\/uploads\/2024\/10\/marco-pellegrino-disculpas-independiente-1116x1536.jpeg 1116w, https:\/\/locoxelrojo.com\/independiente\/wp-content\/uploads\/2024\/10\/marco-pellegrino-disculpas-independiente-696x958.jpeg 696w, https:\/\/locoxelrojo.com\/independiente\/wp-content\/uploads\/2024\/10\/marco-pellegrino-disculpas-independiente-1068x1470.jpeg 1068w, https:\/\/locoxelrojo.com\/independiente\/wp-content\/uploads\/2024\/10\/marco-pellegrino-disculpas-independiente-305x420.jpeg 305w, https:\/\/locoxelrojo.com\/independiente\/wp-content\/uploads\/2024\/10\/marco-pellegrino-disculpas-independiente.jpeg 1134w\" sizes=\"(max-width: 696px) 100vw, 696px\" \/><\/a><\/p>\n","protected":false},"excerpt":{"rendered":"<p>Diego Tarzia y Marco Pellegrino pidieron disculpas en sus redes sociales por los hechos extradeportivos que sucedieron d\u00edas atr\u00e1s. En las \u00faltimas horas se difundieron fotos de los futbolistas de Independiente en un yate con varias modelos e influencers. Tras esta situaci\u00f3n, algunas anteriores y otras que pasaron en esta semana, el cuerpo t\u00e9cnico del [&hellip;]<\/p>\n","protected":false},"author":101039,"featured_media":121666,"comment_status":"open","ping_status":"closed","sticky":false,"template":"","format":"standard","meta":{"_links_to":"","_links_to_target":""},"categories":[3247,3363],"tags":[153,4964,5655],"_links":{"self":[{"href":"https:\/\/www.locoxelrojo.com\/independiente\/wp-json\/wp\/v2\/posts\/121663"}],"collection":[{"href":"https:\/\/www.locoxelrojo.com\/independiente\/wp-json\/wp\/v2\/posts"}],"about":[{"href":"https:\/\/www.locoxelrojo.com\/independiente\/wp-json\/wp\/v2\/types\/post"}],"author":[{"embeddable":true,"href":"https:\/\/www.locoxelrojo.com\/independiente\/wp-json\/wp\/v2\/users\/101039"}],"replies":[{"embeddable":true,"href":"https:\/\/www.locoxelrojo.com\/independiente\/wp-json\/wp\/v2\/comments?post=121663"}],"version-history":[{"count":1,"href":"https:\/\/www.locoxelrojo.com\/independiente\/wp-json\/wp\/v2\/posts\/121663\/revisions"}],"predecessor-version":[{"id":121667,"href":"https:\/\/www.locoxelrojo.com\/independiente\/wp-json\/wp\/v2\/posts\/121663\/revisions\/121667"}],"wp:featuredmedia":[{"embeddable":true,"href":"https:\/\/www.locoxelrojo.com\/independiente\/wp-json\/wp\/v2\/media\/121666"}],"wp:attachment":[{"href":"https:\/\/www.locoxelrojo.com\/independiente\/wp-json\/wp\/v2\/media?parent=121663"}],"wp:term":[{"taxonomy":"category","embeddable":true,"href":"https:\/\/www.locoxelrojo.com\/independiente\/wp-json\/wp\/v2\/categories?post=121663"},{"taxonomy":"post_tag","embeddable":true,"href":"https:\/\/www.locoxelrojo.com\/independiente\/wp-json\/wp\/v2\/tags?post=121663"}],"curies":[{"name":"wp","href":"https:\/\/api.w.org\/{rel}","templated":true}]}}