{"id":121772,"date":"2024-10-30T12:37:53","date_gmt":"2024-10-30T15:37:53","guid":{"rendered":"https:\/\/www.locoxelrojo.com\/independiente\/?p=121772"},"modified":"2024-10-30T18:54:39","modified_gmt":"2024-10-30T21:54:39","slug":"tasso-al-quirofano","status":"publish","type":"post","link":"https:\/\/www.locoxelrojo.com\/independiente\/2024\/10\/30\/tasso-al-quirofano\/","title":{"rendered":"Tasso al quir\u00f3fano"},"content":{"rendered":"<p><strong>Manuel Tasso<\/strong> deber\u00e1 ser intervenido quir\u00fargicamente.<\/p>\n<p>Uno de los arqueros que tiene el plantel profesional, que habitualmente ataja en la Reserva, <strong>tendr\u00e1 que pasar por el quir\u00f3fano<\/strong>.<\/p>\n<p>Desde el club informaron el parte m\u00e9dico para el futbolista de 23 a\u00f1os que a\u00fan no tuvo su debut en Primera Divisi\u00f3n: <strong>un s\u00edndrome meniscal en la rodilla derecha<\/strong>.<\/p>\n<p>Luego de la intervenci\u00f3n, el tiempo de recuperaci\u00f3n podr\u00eda demandar 90 d\u00edas aproximadamente. <strong>\u00a1Fuerzas Manu!<\/strong><\/p>\n<blockquote class=\"twitter-tweet\">\n<p dir=\"ltr\" lang=\"es\"> Parte m\u00e9dico oficial<\/p>\n<p>&#8211; Santiago L\u00f3pez: esguince leve en la rodilla izquierda.<\/p>\n<p>&#8211; Santiago Toloza: lesi\u00f3n de segundo grado en el aductor de la pierna izquierda.<\/p>\n<p>&#8211; Manuel Tasso deber\u00e1 ser intervenido quir\u00fargicamente por un s\u00edndrome meniscal en la rodilla derecha. <a href=\"https:\/\/t.co\/8ovADdxPK6\">pic.twitter.com\/8ovADdxPK6<\/a><\/p>\n<p>\u2014 C. A. Independiente (@Independiente) <a href=\"https:\/\/twitter.com\/Independiente\/status\/1851704035671179310?ref_src=twsrc%5Etfw\">October 30, 2024<\/a><\/p><\/blockquote>\n<p><script async src=\"https:\/\/platform.twitter.com\/widgets.js\" charset=\"utf-8\"><\/script><\/p>\n","protected":false},"excerpt":{"rendered":"<p>Manuel Tasso deber\u00e1 ser intervenido quir\u00fargicamente. Uno de los arqueros que tiene el plantel profesional, que habitualmente ataja en la Reserva, tendr\u00e1 que pasar por el quir\u00f3fano. Desde el club informaron el parte m\u00e9dico para el futbolista de 23 a\u00f1os que a\u00fan no tuvo su debut en Primera Divisi\u00f3n: un s\u00edndrome meniscal en la rodilla [&hellip;]<\/p>\n","protected":false},"author":101035,"featured_media":121773,"comment_status":"open","ping_status":"closed","sticky":false,"template":"","format":"standard","meta":{"_links_to":"","_links_to_target":""},"categories":[3247,3],"tags":[153,4158],"_links":{"self":[{"href":"https:\/\/www.locoxelrojo.com\/independiente\/wp-json\/wp\/v2\/posts\/121772"}],"collection":[{"href":"https:\/\/www.locoxelrojo.com\/independiente\/wp-json\/wp\/v2\/posts"}],"about":[{"href":"https:\/\/www.locoxelrojo.com\/independiente\/wp-json\/wp\/v2\/types\/post"}],"author":[{"embeddable":true,"href":"https:\/\/www.locoxelrojo.com\/independiente\/wp-json\/wp\/v2\/users\/101035"}],"replies":[{"embeddable":true,"href":"https:\/\/www.locoxelrojo.com\/independiente\/wp-json\/wp\/v2\/comments?post=121772"}],"version-history":[{"count":1,"href":"https:\/\/www.locoxelrojo.com\/independiente\/wp-json\/wp\/v2\/posts\/121772\/revisions"}],"predecessor-version":[{"id":121774,"href":"https:\/\/www.locoxelrojo.com\/independiente\/wp-json\/wp\/v2\/posts\/121772\/revisions\/121774"}],"wp:featuredmedia":[{"embeddable":true,"href":"https:\/\/www.locoxelrojo.com\/independiente\/wp-json\/wp\/v2\/media\/121773"}],"wp:attachment":[{"href":"https:\/\/www.locoxelrojo.com\/independiente\/wp-json\/wp\/v2\/media?parent=121772"}],"wp:term":[{"taxonomy":"category","embeddable":true,"href":"https:\/\/www.locoxelrojo.com\/independiente\/wp-json\/wp\/v2\/categories?post=121772"},{"taxonomy":"post_tag","embeddable":true,"href":"https:\/\/www.locoxelrojo.com\/independiente\/wp-json\/wp\/v2\/tags?post=121772"}],"curies":[{"name":"wp","href":"https:\/\/api.w.org\/{rel}","templated":true}]}}