{"id":121920,"date":"2024-11-07T21:49:40","date_gmt":"2024-11-08T00:49:40","guid":{"rendered":"https:\/\/www.locoxelrojo.com\/independiente\/?p=121920"},"modified":"2024-11-07T21:49:40","modified_gmt":"2024-11-08T00:49:40","slug":"se-confirmo-el-desgarro-de-mancuello","status":"publish","type":"post","link":"https:\/\/www.locoxelrojo.com\/independiente\/2024\/11\/07\/se-confirmo-el-desgarro-de-mancuello\/","title":{"rendered":"Se confirm\u00f3 el desgarro de Mancuello"},"content":{"rendered":"<p><strong>Federico Mancuello estar\u00e1 afuera de las canchas por algunas semanas. Se conoci\u00f3 el parte m\u00e9dico de su lesi\u00f3n.<\/strong><\/p>\n<p><a href=\"https:\/\/www.locoxelrojo.com\/independiente\/2024\/11\/05\/corto-la-semana\/\">En la victoria de Independiente por 3-0 ante Uni\u00f3n en Avellaneda<\/a>, donde al Rojo le sali\u00f3 pr\u00e1cticamente todo redondo, <strong>la salida de Mancuello fue la \u00fanica mala noticia de la noche del martes.<\/strong><\/p>\n<p>Si bien desde el primer momento se pod\u00eda deducir que se trataba de una lesi\u00f3n muscular, esta ma\u00f1ana el club confirm\u00f3 que Mancu<strong> sufri\u00f3 un desgarro en el aductor de la pierna derecha.<\/strong><\/p>\n<blockquote class=\"twitter-tweet\" data-media-max-width=\"560\">\n<p dir=\"ltr\" lang=\"es\">Parte m\u00e9dico: Federico Mancuello<\/p>\n<p>Los estudios m\u00e9dicos arrojaron que el jugador sufri\u00f3 un desgarro en el aductor de la pierna derecha. <a href=\"https:\/\/t.co\/BNZDEiIEHq\">pic.twitter.com\/BNZDEiIEHq<\/a><\/p>\n<p>\u2014 C. A. Independiente (@Independiente) <a href=\"https:\/\/twitter.com\/Independiente\/status\/1854538309311017304?ref_src=twsrc%5Etfw\">November 7, 2024<\/a><\/p><\/blockquote>\n<p><script async src=\"https:\/\/platform.twitter.com\/widgets.js\" charset=\"utf-8\"><\/script><br \/>\n<strong>Requerir\u00e1 por lo menos tres semanas de recuperaci\u00f3n. <\/strong>En el medio tendr\u00e1 la fecha FIFA que se llevar\u00e1 a cabo luego de este fin de semana y<strong> habr\u00e1 que ir evaluando c\u00f3mo est\u00e1 antes de pegar la vuelta<\/strong>. La idea es no apurarlo, de los desgarros es uno de los que m\u00e1s tiempo demanda.<\/p>\n","protected":false},"excerpt":{"rendered":"<p>Federico Mancuello estar\u00e1 afuera de las canchas por algunas semanas. Se conoci\u00f3 el parte m\u00e9dico de su lesi\u00f3n. En la victoria de Independiente por 3-0 ante Uni\u00f3n en Avellaneda, donde al Rojo le sali\u00f3 pr\u00e1cticamente todo redondo, la salida de Mancuello fue la \u00fanica mala noticia de la noche del martes. Si bien desde el [&hellip;]<\/p>\n","protected":false},"author":101037,"featured_media":121921,"comment_status":"open","ping_status":"closed","sticky":false,"template":"","format":"standard","meta":{"_links_to":"","_links_to_target":""},"categories":[3247,3],"tags":[153,48],"_links":{"self":[{"href":"https:\/\/www.locoxelrojo.com\/independiente\/wp-json\/wp\/v2\/posts\/121920"}],"collection":[{"href":"https:\/\/www.locoxelrojo.com\/independiente\/wp-json\/wp\/v2\/posts"}],"about":[{"href":"https:\/\/www.locoxelrojo.com\/independiente\/wp-json\/wp\/v2\/types\/post"}],"author":[{"embeddable":true,"href":"https:\/\/www.locoxelrojo.com\/independiente\/wp-json\/wp\/v2\/users\/101037"}],"replies":[{"embeddable":true,"href":"https:\/\/www.locoxelrojo.com\/independiente\/wp-json\/wp\/v2\/comments?post=121920"}],"version-history":[{"count":4,"href":"https:\/\/www.locoxelrojo.com\/independiente\/wp-json\/wp\/v2\/posts\/121920\/revisions"}],"predecessor-version":[{"id":121926,"href":"https:\/\/www.locoxelrojo.com\/independiente\/wp-json\/wp\/v2\/posts\/121920\/revisions\/121926"}],"wp:featuredmedia":[{"embeddable":true,"href":"https:\/\/www.locoxelrojo.com\/independiente\/wp-json\/wp\/v2\/media\/121921"}],"wp:attachment":[{"href":"https:\/\/www.locoxelrojo.com\/independiente\/wp-json\/wp\/v2\/media?parent=121920"}],"wp:term":[{"taxonomy":"category","embeddable":true,"href":"https:\/\/www.locoxelrojo.com\/independiente\/wp-json\/wp\/v2\/categories?post=121920"},{"taxonomy":"post_tag","embeddable":true,"href":"https:\/\/www.locoxelrojo.com\/independiente\/wp-json\/wp\/v2\/tags?post=121920"}],"curies":[{"name":"wp","href":"https:\/\/api.w.org\/{rel}","templated":true}]}}