{"id":121936,"date":"2024-11-08T17:44:36","date_gmt":"2024-11-08T20:44:36","guid":{"rendered":"https:\/\/www.locoxelrojo.com\/independiente\/?p=121936"},"modified":"2024-11-08T17:44:36","modified_gmt":"2024-11-08T20:44:36","slug":"dos-a-la-seleccion-argentina-sub-20","status":"publish","type":"post","link":"https:\/\/www.locoxelrojo.com\/independiente\/2024\/11\/08\/dos-a-la-seleccion-argentina-sub-20\/","title":{"rendered":"Dos a la Selecci\u00f3n Argentina Sub 20"},"content":{"rendered":"<p><strong>Lautaro Mill\u00e1n y Santiago Hidalgo fueron convocados a la Selecci\u00f3n Argentina Sub 20.<\/strong><\/p>\n<p>A ambos juveniles del Rojo los llam\u00f3 Javier Mascherano para disputar dos amistosos fuera del pa\u00eds. <strong>Ser\u00e1n frente a la Selecci\u00f3n Sub 20 de Bolivia, en Santa Cruz de la Sierra<\/strong> y servir\u00e1n como preparativos para el Sudamericano que se jugar\u00e1 a comienzos del 2025 en Per\u00fa.<\/p>\n<p><strong>Los partidos se disputar\u00e1n el jueves 14 de noviembre y s\u00e1bado 16.<\/strong> Ninguno de los dos futbolistas se perder\u00e1n partidos de Independiente. Luego del encuentro de este fin de semana con Hurac\u00e1n, habr\u00e1 un parate por la doble fecha FIFA de Eliminatorias Sudamericanas.<\/p>\n<blockquote class=\"twitter-tweet\">\n<p dir=\"ltr\" lang=\"es\">Santiago Hidalgo y Lautaro Mill\u00e1n fueron convocados para disputar los dos amistosos de la Selecci\u00f3n Argentina Sub 20 frente a Bolivia, en Santa Cruz de la Sierra.<\/p>\n<p>\u00a1Vamos los pibes!<a href=\"https:\/\/twitter.com\/hashtag\/OrgulloNacional?src=hash&amp;ref_src=twsrc%5Etfw\">#OrgulloNacional<\/a> <a href=\"https:\/\/twitter.com\/hashtag\/TodoRojo?src=hash&amp;ref_src=twsrc%5Etfw\">#TodoRojo<\/a>  <a href=\"https:\/\/t.co\/ksOEGJXT4c\">pic.twitter.com\/ksOEGJXT4c<\/a><\/p>\n<p>\u2014 C. A. Independiente (@Independiente) <a href=\"https:\/\/twitter.com\/Independiente\/status\/1854943480839110692?ref_src=twsrc%5Etfw\">November 8, 2024<\/a><\/p><\/blockquote>\n<p><script async src=\"https:\/\/platform.twitter.com\/widgets.js\" charset=\"utf-8\"><\/script><\/p>\n<p>En esta oportunidad, <strong>Mateo Morro y Santiago L\u00f3pez<\/strong> no fueron llamados.<\/p>\n","protected":false},"excerpt":{"rendered":"<p>Lautaro Mill\u00e1n y Santiago Hidalgo fueron convocados a la Selecci\u00f3n Argentina Sub 20. A ambos juveniles del Rojo los llam\u00f3 Javier Mascherano para disputar dos amistosos fuera del pa\u00eds. Ser\u00e1n frente a la Selecci\u00f3n Sub 20 de Bolivia, en Santa Cruz de la Sierra y servir\u00e1n como preparativos para el Sudamericano que se jugar\u00e1 a [&hellip;]<\/p>\n","protected":false},"author":1,"featured_media":121937,"comment_status":"open","ping_status":"closed","sticky":false,"template":"","format":"standard","meta":{"_links_to":"","_links_to_target":""},"categories":[3247,3281],"tags":[3910,5149,4200,226],"_links":{"self":[{"href":"https:\/\/www.locoxelrojo.com\/independiente\/wp-json\/wp\/v2\/posts\/121936"}],"collection":[{"href":"https:\/\/www.locoxelrojo.com\/independiente\/wp-json\/wp\/v2\/posts"}],"about":[{"href":"https:\/\/www.locoxelrojo.com\/independiente\/wp-json\/wp\/v2\/types\/post"}],"author":[{"embeddable":true,"href":"https:\/\/www.locoxelrojo.com\/independiente\/wp-json\/wp\/v2\/users\/1"}],"replies":[{"embeddable":true,"href":"https:\/\/www.locoxelrojo.com\/independiente\/wp-json\/wp\/v2\/comments?post=121936"}],"version-history":[{"count":1,"href":"https:\/\/www.locoxelrojo.com\/independiente\/wp-json\/wp\/v2\/posts\/121936\/revisions"}],"predecessor-version":[{"id":121938,"href":"https:\/\/www.locoxelrojo.com\/independiente\/wp-json\/wp\/v2\/posts\/121936\/revisions\/121938"}],"wp:featuredmedia":[{"embeddable":true,"href":"https:\/\/www.locoxelrojo.com\/independiente\/wp-json\/wp\/v2\/media\/121937"}],"wp:attachment":[{"href":"https:\/\/www.locoxelrojo.com\/independiente\/wp-json\/wp\/v2\/media?parent=121936"}],"wp:term":[{"taxonomy":"category","embeddable":true,"href":"https:\/\/www.locoxelrojo.com\/independiente\/wp-json\/wp\/v2\/categories?post=121936"},{"taxonomy":"post_tag","embeddable":true,"href":"https:\/\/www.locoxelrojo.com\/independiente\/wp-json\/wp\/v2\/tags?post=121936"}],"curies":[{"name":"wp","href":"https:\/\/api.w.org\/{rel}","templated":true}]}}