{"id":121950,"date":"2024-11-08T21:51:16","date_gmt":"2024-11-09T00:51:16","guid":{"rendered":"https:\/\/www.locoxelrojo.com\/independiente\/?p=121950"},"modified":"2024-11-08T21:56:40","modified_gmt":"2024-11-09T00:56:40","slug":"concentrados-vs-huracan-sin-mancuello-pero-con-santi-lopez","status":"publish","type":"post","link":"https:\/\/www.locoxelrojo.com\/independiente\/2024\/11\/08\/concentrados-vs-huracan-sin-mancuello-pero-con-santi-lopez\/","title":{"rendered":"Concentrados vs. Hurac\u00e1n: sin Mancuello, pero con Santi L\u00f3pez"},"content":{"rendered":"<p><strong>Independiente dio la lista de convocados para visitar a Hurac\u00e1n por la fecha 22 de la Liga Profesional.<\/strong><\/p>\n<p>Julio Vaccari decidi\u00f3 citar a <strong>23 futbolistas<\/strong> para enfrentar al Globo este s\u00e1bado a las 21 en Parque Patricios.<\/p>\n<p>Tras confirmarse <a href=\"https:\/\/www.locoxelrojo.com\/independiente\/2024\/11\/07\/se-confirmo-el-desgarro-de-mancuello\/\">su desgarro en el aductor de la pierna derecha<\/a>, <strong>Federico Mancuello qued\u00f3 descarta y estar\u00e1 varias semanas fuera de las canchas<\/strong>. Sin embargo, Julio Vaccari vuelve a contar con un futbolista que supo ser importante en los primeros partidos de su ciclo y busca recuperar: <strong>Santiago L\u00f3pez.<\/strong><\/p>\n<h2>Los concentrados:<\/h2>\n<p><strong>Arqueros:<\/strong> Diego Segovia y Rodrigo Rey.<\/p>\n<p><strong>Defensores:<\/strong> Joaqu\u00edn Laso, Adri\u00e1n Sp\u00f6rle, Federico Vera, Dami\u00e1n P\u00e9rez, Kevin Lom\u00f3naco, Juan Manuel Fedorco y Santiago Salle.<\/p>\n<p><strong>Mediocampistas:<\/strong> Felipe Loyola, Baltasar Barcia, Lucas Gonz\u00e1lez, Alex Luna, David Mart\u00ednez, Ivan Marcone y Jhonny Qui\u00f1\u00f3nez.<\/p>\n<p><strong>Delanteros:<\/strong> Gabriel \u00c1valos, Santiago Hidalgo, Ignacio Maestro Puch, Santiago L\u00f3pez, Nicol\u00e1s Vallejo, Alexis Canelo y Santiago Montiel.<\/p>\n<blockquote class=\"twitter-tweet\">\n<p dir=\"ltr\" lang=\"es\">Concentrados para visitar el estadio Tom\u00e1s Adolfo Duc\u00f3.<a href=\"https:\/\/twitter.com\/hashtag\/TodoRojo?src=hash&amp;ref_src=twsrc%5Etfw\">#TodoRojo<\/a> <a href=\"https:\/\/t.co\/jQ9HDTs6AI\">pic.twitter.com\/jQ9HDTs6AI<\/a><\/p>\n<p>\u2014 C. A. Independiente (@Independiente) <a href=\"https:\/\/twitter.com\/Independiente\/status\/1855034842867437963?ref_src=twsrc%5Etfw\">November 8, 2024<\/a><\/p><\/blockquote>\n<p><script async src=\"https:\/\/platform.twitter.com\/widgets.js\" charset=\"utf-8\"><\/script><\/p>\n","protected":false},"excerpt":{"rendered":"<p>Independiente dio la lista de convocados para visitar a Hurac\u00e1n por la fecha 22 de la Liga Profesional. Julio Vaccari decidi\u00f3 citar a 23 futbolistas para enfrentar al Globo este s\u00e1bado a las 21 en Parque Patricios. Tras confirmarse su desgarro en el aductor de la pierna derecha, Federico Mancuello qued\u00f3 descarta y estar\u00e1 varias [&hellip;]<\/p>\n","protected":false},"author":1,"featured_media":121951,"comment_status":"open","ping_status":"closed","sticky":false,"template":"","format":"standard","meta":{"_links_to":"","_links_to_target":""},"categories":[3247,3],"tags":[],"_links":{"self":[{"href":"https:\/\/www.locoxelrojo.com\/independiente\/wp-json\/wp\/v2\/posts\/121950"}],"collection":[{"href":"https:\/\/www.locoxelrojo.com\/independiente\/wp-json\/wp\/v2\/posts"}],"about":[{"href":"https:\/\/www.locoxelrojo.com\/independiente\/wp-json\/wp\/v2\/types\/post"}],"author":[{"embeddable":true,"href":"https:\/\/www.locoxelrojo.com\/independiente\/wp-json\/wp\/v2\/users\/1"}],"replies":[{"embeddable":true,"href":"https:\/\/www.locoxelrojo.com\/independiente\/wp-json\/wp\/v2\/comments?post=121950"}],"version-history":[{"count":2,"href":"https:\/\/www.locoxelrojo.com\/independiente\/wp-json\/wp\/v2\/posts\/121950\/revisions"}],"predecessor-version":[{"id":121953,"href":"https:\/\/www.locoxelrojo.com\/independiente\/wp-json\/wp\/v2\/posts\/121950\/revisions\/121953"}],"wp:featuredmedia":[{"embeddable":true,"href":"https:\/\/www.locoxelrojo.com\/independiente\/wp-json\/wp\/v2\/media\/121951"}],"wp:attachment":[{"href":"https:\/\/www.locoxelrojo.com\/independiente\/wp-json\/wp\/v2\/media?parent=121950"}],"wp:term":[{"taxonomy":"category","embeddable":true,"href":"https:\/\/www.locoxelrojo.com\/independiente\/wp-json\/wp\/v2\/categories?post=121950"},{"taxonomy":"post_tag","embeddable":true,"href":"https:\/\/www.locoxelrojo.com\/independiente\/wp-json\/wp\/v2\/tags?post=121950"}],"curies":[{"name":"wp","href":"https:\/\/api.w.org\/{rel}","templated":true}]}}