{"id":122052,"date":"2024-11-17T17:00:48","date_gmt":"2024-11-17T20:00:48","guid":{"rendered":"https:\/\/www.locoxelrojo.com\/independiente\/?p=122052"},"modified":"2024-11-17T20:14:35","modified_gmt":"2024-11-17T23:14:35","slug":"fallecio-hugo-villaverde","status":"publish","type":"post","link":"https:\/\/www.locoxelrojo.com\/independiente\/2024\/11\/17\/fallecio-hugo-villaverde\/","title":{"rendered":"Falleci\u00f3 Hugo Villaverde"},"content":{"rendered":"<p><strong>Hugo Villaverde, uno de los m\u00e1ximos \u00eddolos en la historia de Independiente, falleci\u00f3 este domingo a los 70 a\u00f1os.<\/strong><\/p>\n<p>La noticia fue confirmada mediante un comunicado a trav\u00e9s de las redes sociales del club. <strong>\u201cCon profundo dolor despedimos a Hugo Villaverde, gloria del Club Atl\u00e9tico Independiente, s\u00edmbolo de una \u00e9poca, \u00eddolo de generaciones enteras y exquisito defensor central\u201d<\/strong>, se anunci\u00f3 oficialmente.<\/p>\n<p>El oriundo de Santa Fe jug\u00f3 en el Rojo desde 1976 hasta su retiro en 1989. <strong>Disput\u00f3 un total de 423 partidos y levant\u00f3 7 t\u00edtulos<\/strong>: Copa Interamericana 1976, Torneo Nacional 1977, Torneo Nacional 1978, Torneo Metropolitano 1983, Campeonato 1988\/89, Copa Libertadores 1984 y Copa Intercontinental 1984.<\/p>\n<p><strong>Desde LocoXelRojo enviamos nuestras condolencias a sus familiares y seres queridos. \u00a1Gracias por todo y hasta siempre, Hugo!<\/strong><\/p>\n<blockquote class=\"twitter-tweet\">\n<p dir=\"ltr\" lang=\"es\">Con profundo dolor despedimos a Hugo Villaverde, gloria del Club Atl\u00e9tico Independiente, s\u00edmbolo de una \u00e9poca, \u00eddolo de generaciones enteras y exquisito defensor central.<\/p>\n<p>Conquist\u00f3 siete t\u00edtulos en la Instituci\u00f3n, pero lo m\u00e1s importante es que dej\u00f3 un legado enorme como\u2026 <a href=\"https:\/\/t.co\/fMItAQPiwM\">pic.twitter.com\/fMItAQPiwM<\/a><\/p>\n<p>\u2014 C. A. Independiente (@Independiente) <a href=\"https:\/\/twitter.com\/Independiente\/status\/1858225724798173275?ref_src=twsrc%5Etfw\">November 17, 2024<\/a><\/p><\/blockquote>\n<p><script async src=\"https:\/\/platform.twitter.com\/widgets.js\" charset=\"utf-8\"><\/script><\/p>\n","protected":false},"excerpt":{"rendered":"<p>Hugo Villaverde, uno de los m\u00e1ximos \u00eddolos en la historia de Independiente, falleci\u00f3 este domingo a los 70 a\u00f1os. La noticia fue confirmada mediante un comunicado a trav\u00e9s de las redes sociales del club. \u201cCon profundo dolor despedimos a Hugo Villaverde, gloria del Club Atl\u00e9tico Independiente, s\u00edmbolo de una \u00e9poca, \u00eddolo de generaciones enteras y [&hellip;]<\/p>\n","protected":false},"author":101037,"featured_media":122057,"comment_status":"open","ping_status":"closed","sticky":false,"template":"","format":"standard","meta":{"_links_to":"","_links_to_target":""},"categories":[3280,3247],"tags":[153,5717],"_links":{"self":[{"href":"https:\/\/www.locoxelrojo.com\/independiente\/wp-json\/wp\/v2\/posts\/122052"}],"collection":[{"href":"https:\/\/www.locoxelrojo.com\/independiente\/wp-json\/wp\/v2\/posts"}],"about":[{"href":"https:\/\/www.locoxelrojo.com\/independiente\/wp-json\/wp\/v2\/types\/post"}],"author":[{"embeddable":true,"href":"https:\/\/www.locoxelrojo.com\/independiente\/wp-json\/wp\/v2\/users\/101037"}],"replies":[{"embeddable":true,"href":"https:\/\/www.locoxelrojo.com\/independiente\/wp-json\/wp\/v2\/comments?post=122052"}],"version-history":[{"count":4,"href":"https:\/\/www.locoxelrojo.com\/independiente\/wp-json\/wp\/v2\/posts\/122052\/revisions"}],"predecessor-version":[{"id":122059,"href":"https:\/\/www.locoxelrojo.com\/independiente\/wp-json\/wp\/v2\/posts\/122052\/revisions\/122059"}],"wp:featuredmedia":[{"embeddable":true,"href":"https:\/\/www.locoxelrojo.com\/independiente\/wp-json\/wp\/v2\/media\/122057"}],"wp:attachment":[{"href":"https:\/\/www.locoxelrojo.com\/independiente\/wp-json\/wp\/v2\/media?parent=122052"}],"wp:term":[{"taxonomy":"category","embeddable":true,"href":"https:\/\/www.locoxelrojo.com\/independiente\/wp-json\/wp\/v2\/categories?post=122052"},{"taxonomy":"post_tag","embeddable":true,"href":"https:\/\/www.locoxelrojo.com\/independiente\/wp-json\/wp\/v2\/tags?post=122052"}],"curies":[{"name":"wp","href":"https:\/\/api.w.org\/{rel}","templated":true}]}}