{"id":122194,"date":"2024-11-25T19:50:23","date_gmt":"2024-11-25T22:50:23","guid":{"rendered":"https:\/\/www.locoxelrojo.com\/independiente\/?p=122194"},"modified":"2024-11-25T20:19:19","modified_gmt":"2024-11-25T23:19:19","slug":"concentrados-vs-newells-viajaron-24-a-rosario","status":"publish","type":"post","link":"https:\/\/www.locoxelrojo.com\/independiente\/2024\/11\/25\/concentrados-vs-newells-viajaron-24-a-rosario\/","title":{"rendered":"Concentrados vs. Newell&#8217;s: viajaron 24 a Rosario"},"content":{"rendered":"<p><strong>Independiente dio la lista de convocados para visitar a Newell&#8217;s por la fecha 24 de la Liga Profesional.<\/strong><\/p>\n<p>Julio Vaccari decidi\u00f3 citar a <strong>24 futbolistas<\/strong> para enfrentar a la Lepra este martes a las 19 en Rosario.<\/p>\n<p>En relaci\u00f3n al \u00faltimo partido hay varias bajas por lesi\u00f3n. <strong><a href=\"https:\/\/www.locoxelrojo.com\/independiente\/2024\/11\/24\/se-confirmo-la-lesion-de-saltita\/\">Lucas Gonz\u00e1lez<\/a>, <a href=\"https:\/\/www.locoxelrojo.com\/independiente\/2024\/11\/24\/montiel-desgarrado\/\">Santiago Montiel<\/a> y <a href=\"https:\/\/www.locoxelrojo.com\/independiente\/2024\/11\/24\/martinez-se-suma-a-la-enfermeria\/\">David Mart\u00ednez<\/a> fueron desafectados<\/strong>, los dos primeros desgarrados y el \u00faltimo con un esguince de rodilla. Por su parte, <strong><a href=\"https:\/\/www.locoxelrojo.com\/independiente\/2024\/11\/24\/sporle-otra-baja\/\">Adri\u00e1n Sp\u00f6rle<\/a> y Federico Mancuello tambi\u00e9n se quedaron en Buenos Aires<\/strong> recuper\u00e1ndose. Otro ausente es <strong>Tom\u00e1s Parmo que jugar\u00e1 tambi\u00e9n con Newell&#8217;s, pero en el partido de Reserva.<\/strong><\/p>\n<p>Por otra parte, tambi\u00e9n hay algunos regresos: <strong>Mateo Morro, Lautaro Mill\u00e1n, Jhonny Qui\u00f1\u00f3nez y Alexis Canelo vuelven a estar en la consideraci\u00f3n del DT.<\/strong><\/p>\n<h2>Los concentrados:<\/h2>\n<p><strong>Arqueros:<\/strong> Mateo Morro, Diego Segovia y Rodrigo Rey.<\/p>\n<p><strong>Defensores:<\/strong> Joaqu\u00edn Laso, Federico Vera, Marco Pellegrino, Dami\u00e1n P\u00e9rez, Kevin Lom\u00f3naco, Juan Manuel Fedorco, Santiago Salle y Jonathan De Irastorza.<\/p>\n<p><strong>Mediocampistas:<\/strong> Felipe Loyola, Santiago Toloza, Lautaro Mill\u00e1n, Alex Luna, Ivan Marcone, Jhonny Qui\u00f1\u00f3nez y Sergio Ort\u00edz.<\/p>\n<p><strong>Delanteros:<\/strong> Gabriel \u00c1valos, Santiago Hidalgo, Ignacio Maestro Puch, Diego Tarzia, Alexis Canelo y Mat\u00edas Gim\u00e9nez.<\/p>\n<blockquote class=\"twitter-tweet\">\n<p dir=\"ltr\" lang=\"es\">Estos son los 24 jugadores que viajaron a Rosario para enfrentar, ma\u00f1ana por la tarde, a Newell&#8217;s Old Boys.<a href=\"https:\/\/twitter.com\/hashtag\/TodoRojo?src=hash&amp;ref_src=twsrc%5Etfw\">#TodoRojo<\/a> <a href=\"https:\/\/t.co\/Fvugo75QbF\">pic.twitter.com\/Fvugo75QbF<\/a><\/p>\n<p>\u2014 C. A. Independiente (@Independiente) <a href=\"https:\/\/twitter.com\/Independiente\/status\/1861169177379143776?ref_src=twsrc%5Etfw\">November 25, 2024<\/a><\/p><\/blockquote>\n<p><script async src=\"https:\/\/platform.twitter.com\/widgets.js\" charset=\"utf-8\"><\/script><\/p>\n","protected":false},"excerpt":{"rendered":"<p>Independiente dio la lista de convocados para visitar a Newell&#8217;s por la fecha 24 de la Liga Profesional. Julio Vaccari decidi\u00f3 citar a 24 futbolistas para enfrentar a la Lepra este martes a las 19 en Rosario. En relaci\u00f3n al \u00faltimo partido hay varias bajas por lesi\u00f3n. Lucas Gonz\u00e1lez, Santiago Montiel y David Mart\u00ednez fueron [&hellip;]<\/p>\n","protected":false},"author":1,"featured_media":122200,"comment_status":"open","ping_status":"closed","sticky":false,"template":"","format":"standard","meta":{"_links_to":"","_links_to_target":""},"categories":[3247,3],"tags":[5552,3125,153,2828,5205,48,5554,5633,4179,5425,2831,5680,5165],"_links":{"self":[{"href":"https:\/\/www.locoxelrojo.com\/independiente\/wp-json\/wp\/v2\/posts\/122194"}],"collection":[{"href":"https:\/\/www.locoxelrojo.com\/independiente\/wp-json\/wp\/v2\/posts"}],"about":[{"href":"https:\/\/www.locoxelrojo.com\/independiente\/wp-json\/wp\/v2\/types\/post"}],"author":[{"embeddable":true,"href":"https:\/\/www.locoxelrojo.com\/independiente\/wp-json\/wp\/v2\/users\/1"}],"replies":[{"embeddable":true,"href":"https:\/\/www.locoxelrojo.com\/independiente\/wp-json\/wp\/v2\/comments?post=122194"}],"version-history":[{"count":3,"href":"https:\/\/www.locoxelrojo.com\/independiente\/wp-json\/wp\/v2\/posts\/122194\/revisions"}],"predecessor-version":[{"id":122339,"href":"https:\/\/www.locoxelrojo.com\/independiente\/wp-json\/wp\/v2\/posts\/122194\/revisions\/122339"}],"wp:featuredmedia":[{"embeddable":true,"href":"https:\/\/www.locoxelrojo.com\/independiente\/wp-json\/wp\/v2\/media\/122200"}],"wp:attachment":[{"href":"https:\/\/www.locoxelrojo.com\/independiente\/wp-json\/wp\/v2\/media?parent=122194"}],"wp:term":[{"taxonomy":"category","embeddable":true,"href":"https:\/\/www.locoxelrojo.com\/independiente\/wp-json\/wp\/v2\/categories?post=122194"},{"taxonomy":"post_tag","embeddable":true,"href":"https:\/\/www.locoxelrojo.com\/independiente\/wp-json\/wp\/v2\/tags?post=122194"}],"curies":[{"name":"wp","href":"https:\/\/api.w.org\/{rel}","templated":true}]}}