{"id":122221,"date":"2024-11-26T22:45:31","date_gmt":"2024-11-27T01:45:31","guid":{"rendered":"https:\/\/www.locoxelrojo.com\/independiente\/?p=122221"},"modified":"2024-11-27T00:14:04","modified_gmt":"2024-11-27T03:14:04","slug":"vaccari-todo-lo-que-no-sea-sumar-me-preocupa","status":"publish","type":"post","link":"https:\/\/www.locoxelrojo.com\/independiente\/2024\/11\/26\/vaccari-todo-lo-que-no-sea-sumar-me-preocupa\/","title":{"rendered":"Vaccari: &#8220;Todo lo que no sea sumar me preocupa&#8221;"},"content":{"rendered":"<p><strong>Julio Vaccari <\/strong>habl\u00f3 en conferencia luego de la derrota de Independiente 2-1 ante Newell&#8217;s por la fecha 24 de la Liga Profesional.<\/p>\n<p>El entrenador dijo que lo que le preocup\u00f3 del equipo fue <strong>&#8220;que hayamos arrancado el partido como lo arrancamos, todo lo que no sea sumar me preocupa&#8221;<\/strong>, pero tambi\u00e9n expres\u00f3: <strong>&#8220;Tengo la tranquilidad de que los chicos hicieron todo lo posible para ganar el partido. Tuvimos situaciones muy claras en el primer y segundo tiempo, de hecho, desde mi punto de vista, el arquero rival fue la figura con tapadas de jerarqu\u00eda&#8221;<\/strong>.<\/p>\n<p>Adem\u00e1s, compar\u00f3 el desarrollo del encuentro frente a la Lepra con la fecha pasada contra Gimnasia. <strong>&#8220;La \u00fanica diferencia es que hoy tuvimos dos desatenciones y fueron dos goles, despu\u00e9s el equipo hizo lo mismo con Gimnasia, es m\u00e1s, creo que tuvimos m\u00e1s chances claras hoy que en el partido pasado&#8221;<\/strong>, remarc\u00f3.<\/p>\n<p>Con respecto a las variantes durante el partido, el DT se\u00f1al\u00f3: <strong>&#8220;Ven\u00edamos trabajando con Mati Gim\u00e9nez un poco m\u00e1s atr\u00e1s del 9, aprovechando su calidad de pase y asociaci\u00f3n. Est\u00e1bamos llegando por las bandas, pero nos faltaba llegar con gente y esa fue la b\u00fasqueda. El ingreso de De Irastorza y la salida de Vera para que entre Felipe (Loyola) por la banda era para tener m\u00e1s frescura y profundidad en el tercio final del campo&#8221;<\/strong>.<\/p>\n<p>Consultado sobre si ya hab\u00eda sacado conclusiones de cara al 2025, Vaccari fue tajante: <strong>&#8220;La evaluaci\u00f3n del a\u00f1o que viene la tengo hecha hace bastante, pero son situaciones que no se comunican. El plantel que tenemos es este y en lo que nos tenemos que avocar es en estos tres partidos, y despu\u00e9s de eso ver qu\u00e9 se hace. Conf\u00edo a muerte en ellos y en lo que hacen en la semana&#8221;<\/strong>.<\/p>\n<p>El resultado en Rosario compromete la clasificaci\u00f3n a las copas. Al respecto, el DT sentenci\u00f3: <strong>&#8220;Lo importante es que dependemos de nosotros y vamos a hacer todo lo posible para alcanzar los objetivos&#8221;<\/strong>.<\/p>\n","protected":false},"excerpt":{"rendered":"<p>Julio Vaccari habl\u00f3 en conferencia luego de la derrota de Independiente 2-1 ante Newell&#8217;s por la fecha 24 de la Liga Profesional. El entrenador dijo que lo que le preocup\u00f3 del equipo fue &#8220;que hayamos arrancado el partido como lo arrancamos, todo lo que no sea sumar me preocupa&#8221;, pero tambi\u00e9n expres\u00f3: &#8220;Tengo la tranquilidad [&hellip;]<\/p>\n","protected":false},"author":101038,"featured_media":122247,"comment_status":"open","ping_status":"closed","sticky":false,"template":"","format":"standard","meta":{"_links_to":"","_links_to_target":""},"categories":[3247,3],"tags":[153,5633,5629,183],"_links":{"self":[{"href":"https:\/\/www.locoxelrojo.com\/independiente\/wp-json\/wp\/v2\/posts\/122221"}],"collection":[{"href":"https:\/\/www.locoxelrojo.com\/independiente\/wp-json\/wp\/v2\/posts"}],"about":[{"href":"https:\/\/www.locoxelrojo.com\/independiente\/wp-json\/wp\/v2\/types\/post"}],"author":[{"embeddable":true,"href":"https:\/\/www.locoxelrojo.com\/independiente\/wp-json\/wp\/v2\/users\/101038"}],"replies":[{"embeddable":true,"href":"https:\/\/www.locoxelrojo.com\/independiente\/wp-json\/wp\/v2\/comments?post=122221"}],"version-history":[{"count":4,"href":"https:\/\/www.locoxelrojo.com\/independiente\/wp-json\/wp\/v2\/posts\/122221\/revisions"}],"predecessor-version":[{"id":122249,"href":"https:\/\/www.locoxelrojo.com\/independiente\/wp-json\/wp\/v2\/posts\/122221\/revisions\/122249"}],"wp:featuredmedia":[{"embeddable":true,"href":"https:\/\/www.locoxelrojo.com\/independiente\/wp-json\/wp\/v2\/media\/122247"}],"wp:attachment":[{"href":"https:\/\/www.locoxelrojo.com\/independiente\/wp-json\/wp\/v2\/media?parent=122221"}],"wp:term":[{"taxonomy":"category","embeddable":true,"href":"https:\/\/www.locoxelrojo.com\/independiente\/wp-json\/wp\/v2\/categories?post=122221"},{"taxonomy":"post_tag","embeddable":true,"href":"https:\/\/www.locoxelrojo.com\/independiente\/wp-json\/wp\/v2\/tags?post=122221"}],"curies":[{"name":"wp","href":"https:\/\/api.w.org\/{rel}","templated":true}]}}