{"id":122448,"date":"2024-12-08T20:00:42","date_gmt":"2024-12-08T23:00:42","guid":{"rendered":"https:\/\/www.locoxelrojo.com\/independiente\/?p=122448"},"modified":"2024-12-09T00:45:46","modified_gmt":"2024-12-09T03:45:46","slug":"asi-llega-el-decano-7","status":"publish","type":"post","link":"https:\/\/www.locoxelrojo.com\/independiente\/2024\/12\/08\/asi-llega-el-decano-7\/","title":{"rendered":"As\u00ed llega el Decano"},"content":{"rendered":"<p><strong>Atl\u00e9tico Tucum\u00e1n visitar\u00e1 a Independiente por la fecha 26 de la Liga Profesional.<\/strong> Enterate c\u00f3mo llegan los tucumanos.<\/p>\n<p><strong>El Decano se encuentra octavo en el torneo local con 37 puntos<\/strong>, 1 m\u00e1s que el equipo de Julio Vaccari, producto de <strong>10 victorias, 7 empates y 8 derrotas<\/strong>. Adem\u00e1s, <strong>convirti\u00f3 25 goles y recibi\u00f3 la misma cantidad<\/strong>, quedando con una diferencia de 0.<\/p>\n<p>Por otro lado, <strong>en la tabla anual se ubica en el puesto 20 con 47 puntos<\/strong>, 12 menos que el Rojo, tras haber hecho una mala Copa de la Liga. El buen campeonato que est\u00e1 realizando lo alej\u00f3 de los puestos de abajo, pero de todas formas, <strong>no tiene chances de entrar a copas internacionales del a\u00f1o pr\u00f3ximo<\/strong>.<\/p>\n<p>En su \u00faltima presentaci\u00f3n, <strong>los dirigidos por Facundo Sava empataron 0-0 ante Newell\u2019s en el Monumental Jos\u00e9 Fierro<\/strong>, y sufrieron la expulsi\u00f3n de Nicol\u00e1s Castro. En condici\u00f3n <strong>de visitante, llevan 2 derrotas seguidas y 7 partidos sin ganar<\/strong>.<\/p>\n<p><iframe loading=\"lazy\" title=\"ATL. TUCUM\u00c1N y NEWELL&#039;S EMPATARON en un FINAL CALIENTE | #AtleticoTucuman 0-0 #Newells | Resumen\" width=\"696\" height=\"392\" src=\"https:\/\/www.youtube.com\/embed\/HfwbtO8qc3Y?feature=oembed\" frameborder=\"0\" allow=\"accelerometer; autoplay; clipboard-write; encrypted-media; gyroscope; picture-in-picture; web-share\" referrerpolicy=\"strict-origin-when-cross-origin\" allowfullscreen><\/iframe><\/p>\n<p>El posible 11 de Sava para visitar a Independiente en Avellaneda ser\u00eda: <strong>Tom\u00e1s Durso; N\u00e9stor Breitenbruch, Gianluca Ferrari, Nicol\u00e1s Romero, Juan Infante; Renzo Tesuri, Guillermo Acosta, Rodrigo Melo, Mateo Bajamich; Marcelo Estigarribia y Mateo Coronel.<\/strong><\/p>\n","protected":false},"excerpt":{"rendered":"<p>Atl\u00e9tico Tucum\u00e1n visitar\u00e1 a Independiente por la fecha 26 de la Liga Profesional. Enterate c\u00f3mo llegan los tucumanos. El Decano se encuentra octavo en el torneo local con 37 puntos, 1 m\u00e1s que el equipo de Julio Vaccari, producto de 10 victorias, 7 empates y 8 derrotas. Adem\u00e1s, convirti\u00f3 25 goles y recibi\u00f3 la misma [&hellip;]<\/p>\n","protected":false},"author":101037,"featured_media":122449,"comment_status":"open","ping_status":"closed","sticky":false,"template":"","format":"standard","meta":{"_links_to":"","_links_to_target":""},"categories":[1990,3247],"tags":[297,153,3275,2078,5629],"_links":{"self":[{"href":"https:\/\/www.locoxelrojo.com\/independiente\/wp-json\/wp\/v2\/posts\/122448"}],"collection":[{"href":"https:\/\/www.locoxelrojo.com\/independiente\/wp-json\/wp\/v2\/posts"}],"about":[{"href":"https:\/\/www.locoxelrojo.com\/independiente\/wp-json\/wp\/v2\/types\/post"}],"author":[{"embeddable":true,"href":"https:\/\/www.locoxelrojo.com\/independiente\/wp-json\/wp\/v2\/users\/101037"}],"replies":[{"embeddable":true,"href":"https:\/\/www.locoxelrojo.com\/independiente\/wp-json\/wp\/v2\/comments?post=122448"}],"version-history":[{"count":3,"href":"https:\/\/www.locoxelrojo.com\/independiente\/wp-json\/wp\/v2\/posts\/122448\/revisions"}],"predecessor-version":[{"id":122457,"href":"https:\/\/www.locoxelrojo.com\/independiente\/wp-json\/wp\/v2\/posts\/122448\/revisions\/122457"}],"wp:featuredmedia":[{"embeddable":true,"href":"https:\/\/www.locoxelrojo.com\/independiente\/wp-json\/wp\/v2\/media\/122449"}],"wp:attachment":[{"href":"https:\/\/www.locoxelrojo.com\/independiente\/wp-json\/wp\/v2\/media?parent=122448"}],"wp:term":[{"taxonomy":"category","embeddable":true,"href":"https:\/\/www.locoxelrojo.com\/independiente\/wp-json\/wp\/v2\/categories?post=122448"},{"taxonomy":"post_tag","embeddable":true,"href":"https:\/\/www.locoxelrojo.com\/independiente\/wp-json\/wp\/v2\/tags?post=122448"}],"curies":[{"name":"wp","href":"https:\/\/api.w.org\/{rel}","templated":true}]}}