{"id":122454,"date":"2024-12-08T19:29:18","date_gmt":"2024-12-08T22:29:18","guid":{"rendered":"https:\/\/www.locoxelrojo.com\/independiente\/?p=122454"},"modified":"2024-12-09T00:42:40","modified_gmt":"2024-12-09T03:42:40","slug":"concentrados-vs-atletico-tucuman-muchos-cambios-en-la-lista","status":"publish","type":"post","link":"https:\/\/www.locoxelrojo.com\/independiente\/2024\/12\/08\/concentrados-vs-atletico-tucuman-muchos-cambios-en-la-lista\/","title":{"rendered":"Concentrados vs. Atl\u00e9tico Tucum\u00e1n: muchos cambios en la lista"},"content":{"rendered":"<p><strong>Julio Vaccari nuevamente decidi\u00f3 citar a 24 futbolistas para el partido entre Independiente y Atl\u00e9tico Tucum\u00e1n, por la fecha 26 de la Liga Profesional.<\/strong><\/p>\n<p>Comparando la lista que triunf\u00f3 ante Central C\u00f3rdoba, hay 12 cambios en total, entre regresos y excluidos. <strong>Marco Pellegrino es baja por lesi\u00f3n<\/strong>, mientras que <strong>Santiago Toloza y Santiago L\u00f3pez quedaron afuera por decisi\u00f3n de Vaccari<\/strong>.<\/p>\n<p><strong>Mateo Morro, Jonathan De Irastorza y Sergio Ort\u00edz<\/strong>, quienes hab\u00edan sido citados en las \u00faltimas fechas, <strong>tambi\u00e9n est\u00e1n afuera<\/strong> de la lista.<\/p>\n<p>En cuanto a los regresos, <strong>vuelven Joaqu\u00edn Laso, Adri\u00e1n Sp\u00f6rle, David Mart\u00ednez, Lucas Gonz\u00e1lez, Santiago Montiel e Ignacio Maestro Puch<\/strong>.<\/p>\n<h3>Los concentrados<\/h3>\n<p><strong>Arqueros:<\/strong> Diego Segovia y Rodrigo Rey.<\/p>\n<p><strong>Defensores:<\/strong> Joaqu\u00edn Laso, Adri\u00e1n Sp\u00f6rle, Federico Vera, Dami\u00e1n P\u00e9rez, Kevin Lom\u00f3naco, Juan Manuel Fedorco y Santiago Salle.<\/p>\n<p><strong>Mediocampistas:<\/strong> Felipe Loyola, Federico Mancuello, Lautaro Mill\u00e1n, Lucas Gonz\u00e1lez, Alex Luna, David Mart\u00ednez, Iv\u00e1n Marcone y Jhonny Qui\u00f1\u00f3nez.<\/p>\n<p><strong>Delanteros:<\/strong> Gabriel \u00c1valos, Santiago Hidalgo, Ignacio Maestro Puch, Diego Tarzia, Alexis Canelo, Mat\u00edas Gim\u00e9nez y Santiago Montiel.<\/p>\n<blockquote class=\"twitter-tweet\">\n<p dir=\"ltr\" lang=\"es\"> Convocados por Julio Vaccari para recibir a Atl\u00e9tico Tucum\u00e1n.<a href=\"https:\/\/twitter.com\/hashtag\/TodoRojo?src=hash&amp;ref_src=twsrc%5Etfw\">#TodoRojo<\/a>  <a href=\"https:\/\/t.co\/mGpB1YWvvr\">pic.twitter.com\/mGpB1YWvvr<\/a><\/p>\n<p>\u2014 C. A. Independiente (@Independiente) <a href=\"https:\/\/twitter.com\/Independiente\/status\/1865887772084420608?ref_src=twsrc%5Etfw\">December 8, 2024<\/a><\/p><\/blockquote>\n<p><script async src=\"https:\/\/platform.twitter.com\/widgets.js\" charset=\"utf-8\"><\/script><\/p>\n","protected":false},"excerpt":{"rendered":"<p>Julio Vaccari nuevamente decidi\u00f3 citar a 24 futbolistas para el partido entre Independiente y Atl\u00e9tico Tucum\u00e1n, por la fecha 26 de la Liga Profesional. Comparando la lista que triunf\u00f3 ante Central C\u00f3rdoba, hay 12 cambios en total, entre regresos y excluidos. Marco Pellegrino es baja por lesi\u00f3n, mientras que Santiago Toloza y Santiago L\u00f3pez quedaron [&hellip;]<\/p>\n","protected":false},"author":8,"featured_media":122099,"comment_status":"open","ping_status":"closed","sticky":false,"template":"","format":"standard","meta":{"_links_to":"","_links_to_target":""},"categories":[3247,3],"tags":[153,2024,3077],"_links":{"self":[{"href":"https:\/\/www.locoxelrojo.com\/independiente\/wp-json\/wp\/v2\/posts\/122454"}],"collection":[{"href":"https:\/\/www.locoxelrojo.com\/independiente\/wp-json\/wp\/v2\/posts"}],"about":[{"href":"https:\/\/www.locoxelrojo.com\/independiente\/wp-json\/wp\/v2\/types\/post"}],"author":[{"embeddable":true,"href":"https:\/\/www.locoxelrojo.com\/independiente\/wp-json\/wp\/v2\/users\/8"}],"replies":[{"embeddable":true,"href":"https:\/\/www.locoxelrojo.com\/independiente\/wp-json\/wp\/v2\/comments?post=122454"}],"version-history":[{"count":1,"href":"https:\/\/www.locoxelrojo.com\/independiente\/wp-json\/wp\/v2\/posts\/122454\/revisions"}],"predecessor-version":[{"id":122455,"href":"https:\/\/www.locoxelrojo.com\/independiente\/wp-json\/wp\/v2\/posts\/122454\/revisions\/122455"}],"wp:featuredmedia":[{"embeddable":true,"href":"https:\/\/www.locoxelrojo.com\/independiente\/wp-json\/wp\/v2\/media\/122099"}],"wp:attachment":[{"href":"https:\/\/www.locoxelrojo.com\/independiente\/wp-json\/wp\/v2\/media?parent=122454"}],"wp:term":[{"taxonomy":"category","embeddable":true,"href":"https:\/\/www.locoxelrojo.com\/independiente\/wp-json\/wp\/v2\/categories?post=122454"},{"taxonomy":"post_tag","embeddable":true,"href":"https:\/\/www.locoxelrojo.com\/independiente\/wp-json\/wp\/v2\/tags?post=122454"}],"curies":[{"name":"wp","href":"https:\/\/api.w.org\/{rel}","templated":true}]}}