{"id":122523,"date":"2024-12-10T20:46:42","date_gmt":"2024-12-10T23:46:42","guid":{"rendered":"https:\/\/www.locoxelrojo.com\/independiente\/?p=122523"},"modified":"2024-12-10T20:46:42","modified_gmt":"2024-12-10T23:46:42","slug":"se-resintio-y-se-pierde-la-ultima","status":"publish","type":"post","link":"https:\/\/www.locoxelrojo.com\/independiente\/2024\/12\/10\/se-resintio-y-se-pierde-la-ultima\/","title":{"rendered":"Se resinti\u00f3 y se pierde la \u00faltima"},"content":{"rendered":"<p><strong>Santiago Montiel se resinti\u00f3 de su lesi\u00f3n y no estar\u00e1 en la \u00faltima fecha con Boca.<\/strong><\/p>\n<p>Montiel sali\u00f3 reemplazado en el entretiempo, <a href=\"https:\/\/www.locoxelrojo.com\/independiente\/2024\/12\/09\/gano-aseguro-sudamericana-y-suena-con-mas\/\">en la victoria 2-1 ante Atl\u00e9tico Tucum\u00e1n<\/a>. Hace 3 fechas, en el triunfo con Gimnasia, <strong>sufri\u00f3 un desgarro en el isquiotibial de la pierna derecha y tuvo que perderse los encuentros con Newell&#8217;s y Central C\u00f3rdoba.<\/strong><\/p>\n<p>Cuando parec\u00eda que estaba recuperado fue titular, <strong>pero no sali\u00f3 a jugar el segundo tiempo. En su lugar lo hizo Diego Tarzia.<\/strong><\/p>\n<p>Julio Vaccari, en conferencia de prensa, cont\u00f3: <strong>&#8220;Santiago sali\u00f3 porque ten\u00eda una molestia, es una l\u00e1stima y me da mucha tristeza. Esas son las decisiones que uno toma como entrenador, en donde hay cierto riesgo y no siempre las cosas salen como uno pretende&#8221;.<\/strong><\/p>\n<p>Seg\u00fan las palabras del entrenador, este fue el \u00faltimo partido del atacante en el 2024: <strong>&#8220;Hay momentos del a\u00f1o donde hay que tomar esta clases de riesgos, hoy decid\u00ed correrlo y es una tristeza muy grande porque el chico se resinti\u00f3&#8221;<\/strong>. De esta manera, se pierde el partido con Boca en La Bombonera el pr\u00f3ximo s\u00e1bado a las 19:15.<\/p>\n","protected":false},"excerpt":{"rendered":"<p>Santiago Montiel se resinti\u00f3 de su lesi\u00f3n y no estar\u00e1 en la \u00faltima fecha con Boca. Montiel sali\u00f3 reemplazado en el entretiempo, en la victoria 2-1 ante Atl\u00e9tico Tucum\u00e1n. Hace 3 fechas, en el triunfo con Gimnasia, sufri\u00f3 un desgarro en el isquiotibial de la pierna derecha y tuvo que perderse los encuentros con Newell&#8217;s [&hellip;]<\/p>\n","protected":false},"author":101035,"featured_media":122524,"comment_status":"open","ping_status":"closed","sticky":false,"template":"","format":"standard","meta":{"_links_to":"","_links_to_target":""},"categories":[3247,3],"tags":[297,153,5633,5680],"_links":{"self":[{"href":"https:\/\/www.locoxelrojo.com\/independiente\/wp-json\/wp\/v2\/posts\/122523"}],"collection":[{"href":"https:\/\/www.locoxelrojo.com\/independiente\/wp-json\/wp\/v2\/posts"}],"about":[{"href":"https:\/\/www.locoxelrojo.com\/independiente\/wp-json\/wp\/v2\/types\/post"}],"author":[{"embeddable":true,"href":"https:\/\/www.locoxelrojo.com\/independiente\/wp-json\/wp\/v2\/users\/101035"}],"replies":[{"embeddable":true,"href":"https:\/\/www.locoxelrojo.com\/independiente\/wp-json\/wp\/v2\/comments?post=122523"}],"version-history":[{"count":1,"href":"https:\/\/www.locoxelrojo.com\/independiente\/wp-json\/wp\/v2\/posts\/122523\/revisions"}],"predecessor-version":[{"id":122525,"href":"https:\/\/www.locoxelrojo.com\/independiente\/wp-json\/wp\/v2\/posts\/122523\/revisions\/122525"}],"wp:featuredmedia":[{"embeddable":true,"href":"https:\/\/www.locoxelrojo.com\/independiente\/wp-json\/wp\/v2\/media\/122524"}],"wp:attachment":[{"href":"https:\/\/www.locoxelrojo.com\/independiente\/wp-json\/wp\/v2\/media?parent=122523"}],"wp:term":[{"taxonomy":"category","embeddable":true,"href":"https:\/\/www.locoxelrojo.com\/independiente\/wp-json\/wp\/v2\/categories?post=122523"},{"taxonomy":"post_tag","embeddable":true,"href":"https:\/\/www.locoxelrojo.com\/independiente\/wp-json\/wp\/v2\/tags?post=122523"}],"curies":[{"name":"wp","href":"https:\/\/api.w.org\/{rel}","templated":true}]}}