{"id":12254,"date":"2011-10-27T12:38:50","date_gmt":"2011-10-27T15:38:50","guid":{"rendered":"http:\/\/www.locoxelrojo.com.ar\/independiente\/?p=12254"},"modified":"2015-09-18T23:16:00","modified_gmt":"2015-09-19T02:16:00","slug":"futbol-contra-la-reserva","status":"publish","type":"post","link":"https:\/\/www.locoxelrojo.com\/independiente\/2011\/10\/27\/futbol-contra-la-reserva\/","title":{"rendered":"F\u00fatbol contra la Reserva"},"content":{"rendered":"<p><a href=\"http:\/\/www.locoxelrojo.com.ar\/independiente\/wp-content\/uploads\/2011\/10\/Independiente_entrenamiento.gif\"><img loading=\"lazy\" class=\"alignnone size-full wp-image-12255\" title=\"Independiente_entrenamiento\" src=\"http:\/\/www.locoxelrojo.com.ar\/independiente\/wp-content\/uploads\/2011\/10\/Independiente_entrenamiento.gif\" alt=\"\" width=\"590\" height=\"315\" srcset=\"https:\/\/locoxelrojo.com\/independiente\/wp-content\/uploads\/2011\/10\/Independiente_entrenamiento.gif 590w, https:\/\/locoxelrojo.com\/independiente\/wp-content\/uploads\/2011\/10\/Independiente_entrenamiento-300x160.gif 300w\" sizes=\"(max-width: 590px) 100vw, 590px\" \/><\/a><\/p>\n<p>Independiente se entren\u00f3 en Villa Dom\u00ednico y tanto los titulares como lo suplentes hicieron f\u00fatbol contra la Reserva. En el primer partido, luego de la correspondiente entrada en calor, Ram\u00f3n D\u00edaz dispuso entre los titulares a: Fabi\u00e1n Assmann; Juli\u00e1n Vel\u00e1zquez -juega por el art\u00edculo 225 a pesar de que ven\u00eda entren\u00e1ndose diferenciado hasta ayer-, Eduardo Tuzzio, Gabriel Milito, Adri\u00e1n Argach\u00e1 -volvi\u00f3 a ganarle la pulseada a Maximiliano Vel\u00e1zquez-; Fernando Godoy, Cristian Pellerano; Mat\u00edas Defederico, Patricio Rodr\u00edguez, Leonel Nu\u00f1ez y Marco P\u00e9rez.<\/p>\n<p>Para la reserva, en tanto, hicieron lo propio Adri\u00e1n Gabbarini; Iv\u00e1n V\u00e9lez -disput\u00f3 los \u00faltimos 2 de 3 partidos para los dirigidos por Cristian D\u00edaz-, Javier B\u00e1ez, Ignacio Barcia, Lucas Villalba; Fabi\u00e1n Monserrat, Marcelo Vidal, Jonathan Su\u00e1rez, Francisco Pizzini; Brian Nieva y Patricio Vidal. El partido termin\u00f3 0-0 en 40 minutos.<\/p>\n<p>Luego, lleg\u00f3 el turno de los suplentes: Hilario Navarro, Gabriel Vall\u00e9s, Carlos Matheu, Leonel Galeano, Maximiliano Vel\u00e1zquez; Nicol\u00e1s Cabrera, Walter Busse, Iv\u00e1n P\u00e9rez, Osmar Ferreyra; Diego Chur\u00edn y Facundo Parra. El ex comunicaciones volvi\u00f3 a tener una chance en el plantel profesional luego de los dos goles en Reserva frente a Col\u00f3n y Parra habr\u00eda perdido la titularidad. Enfrente estuvieron Diego Rodr\u00edguez; Alexis Z\u00e1rate, Samuel C\u00e1ceres, Federico Gay, Sa\u00fal Nelle; Alejandro Mu\u00f1oz, Nicol\u00e1s Delmonte, Mat\u00edas Jaime; F. Navarro ; Gino Clara y Nicol\u00e1s Mazzola. Fue 3-0 para los profesionales con goles de Facundo Parra, Gabriel Vall\u00e9s y Walter Busse.<\/p>\n","protected":false},"excerpt":{"rendered":"<p>Independiente se entren\u00f3 en Villa Dom\u00ednico y tanto los titulares como lo suplentes hicieron f\u00fatbol contra la Reserva. En el primer partido, luego de la correspondiente entrada en calor, Ram\u00f3n D\u00edaz dispuso entre los titulares a: Fabi\u00e1n Assmann; Juli\u00e1n Vel\u00e1zquez -juega por el art\u00edculo 225 a pesar de que ven\u00eda entren\u00e1ndose diferenciado hasta ayer-, Eduardo [&hellip;]<\/p>\n","protected":false},"author":1,"featured_media":0,"comment_status":"open","ping_status":"open","sticky":false,"template":"","format":"standard","meta":{"_links_to":"","_links_to_target":""},"categories":[3,1,141],"tags":[543,153,3270,974],"_links":{"self":[{"href":"https:\/\/www.locoxelrojo.com\/independiente\/wp-json\/wp\/v2\/posts\/12254"}],"collection":[{"href":"https:\/\/www.locoxelrojo.com\/independiente\/wp-json\/wp\/v2\/posts"}],"about":[{"href":"https:\/\/www.locoxelrojo.com\/independiente\/wp-json\/wp\/v2\/types\/post"}],"author":[{"embeddable":true,"href":"https:\/\/www.locoxelrojo.com\/independiente\/wp-json\/wp\/v2\/users\/1"}],"replies":[{"embeddable":true,"href":"https:\/\/www.locoxelrojo.com\/independiente\/wp-json\/wp\/v2\/comments?post=12254"}],"version-history":[{"count":0,"href":"https:\/\/www.locoxelrojo.com\/independiente\/wp-json\/wp\/v2\/posts\/12254\/revisions"}],"wp:attachment":[{"href":"https:\/\/www.locoxelrojo.com\/independiente\/wp-json\/wp\/v2\/media?parent=12254"}],"wp:term":[{"taxonomy":"category","embeddable":true,"href":"https:\/\/www.locoxelrojo.com\/independiente\/wp-json\/wp\/v2\/categories?post=12254"},{"taxonomy":"post_tag","embeddable":true,"href":"https:\/\/www.locoxelrojo.com\/independiente\/wp-json\/wp\/v2\/tags?post=12254"}],"curies":[{"name":"wp","href":"https:\/\/api.w.org\/{rel}","templated":true}]}}