{"id":122581,"date":"2024-12-13T21:51:41","date_gmt":"2024-12-14T00:51:41","guid":{"rendered":"https:\/\/www.locoxelrojo.com\/independiente\/?p=122581"},"modified":"2024-12-13T21:51:41","modified_gmt":"2024-12-14T00:51:41","slug":"concentrados-vs-boca-a-la-boca-con-23-futbolistas","status":"publish","type":"post","link":"https:\/\/www.locoxelrojo.com\/independiente\/2024\/12\/13\/concentrados-vs-boca-a-la-boca-con-23-futbolistas\/","title":{"rendered":"Concentrados vs. Boca: a La Boca con 23 futbolistas"},"content":{"rendered":"<p><strong>Independiente visita a Boca este s\u00e1bado a las 19:15 por la fecha 27 de la Liga Profesional.<\/strong><\/p>\n<p>Para este partido, <strong>Julio Vaccari decidi\u00f3 guardar 23 futbolistas<\/strong> y hay algunas modificaciones en relaci\u00f3n a los que jugaron con Atl\u00e9tico Tucum\u00e1n.<\/p>\n<p><strong>Santiago Montiel qued\u00f3 descartado al resentirse de su desgarro<\/strong>. Por otra parte, <strong>Alex Luna no fue convocado. Uno de los que vuelve es Santiago L\u00f3pez<\/strong>. El extremo de 18 a\u00f1os pega la vuelta tras estar ausente un partido y tendr\u00e1 un lugar entre los suplentes en el \u00faltimo partido del a\u00f1o para el Rojo.<\/p>\n<h3>Los concentrados<\/h3>\n<p><strong>Arqueros:<\/strong> Diego Segovia y Rodrigo Rey.<\/p>\n<p><strong>Defensores:<\/strong> Joaqu\u00edn Laso, Adri\u00e1n Sp\u00f6rle, Federico Vera, Dami\u00e1n P\u00e9rez, Kevin Lom\u00f3naco, Juan Manuel Fedorco y Santiago Salle.<\/p>\n<p><strong>Mediocampistas:<\/strong> Felipe Loyola, Federico Mancuello, Lautaro Mill\u00e1n, Lucas Gonz\u00e1lez, David Mart\u00ednez, Iv\u00e1n Marcone y Jhonny Qui\u00f1\u00f3nez.<\/p>\n<p><strong>Delanteros:<\/strong> Gabriel \u00c1valos, Santiago Hidalgo, Ignacio Maestro Puch, Santiago L\u00f3pez, Diego Tarzia, Alexis Canelo y Mat\u00edas Gim\u00e9nez.<\/p>\n","protected":false},"excerpt":{"rendered":"<p>Independiente visita a Boca este s\u00e1bado a las 19:15 por la fecha 27 de la Liga Profesional. Para este partido, Julio Vaccari decidi\u00f3 guardar 23 futbolistas y hay algunas modificaciones en relaci\u00f3n a los que jugaron con Atl\u00e9tico Tucum\u00e1n. Santiago Montiel qued\u00f3 descartado al resentirse de su desgarro. Por otra parte, Alex Luna no fue [&hellip;]<\/p>\n","protected":false},"author":1,"featured_media":122582,"comment_status":"open","ping_status":"closed","sticky":false,"template":"","format":"standard","meta":{"_links_to":"","_links_to_target":""},"categories":[3247,3],"tags":[5561,153,5321,5633,5629,5162],"_links":{"self":[{"href":"https:\/\/www.locoxelrojo.com\/independiente\/wp-json\/wp\/v2\/posts\/122581"}],"collection":[{"href":"https:\/\/www.locoxelrojo.com\/independiente\/wp-json\/wp\/v2\/posts"}],"about":[{"href":"https:\/\/www.locoxelrojo.com\/independiente\/wp-json\/wp\/v2\/types\/post"}],"author":[{"embeddable":true,"href":"https:\/\/www.locoxelrojo.com\/independiente\/wp-json\/wp\/v2\/users\/1"}],"replies":[{"embeddable":true,"href":"https:\/\/www.locoxelrojo.com\/independiente\/wp-json\/wp\/v2\/comments?post=122581"}],"version-history":[{"count":1,"href":"https:\/\/www.locoxelrojo.com\/independiente\/wp-json\/wp\/v2\/posts\/122581\/revisions"}],"predecessor-version":[{"id":122583,"href":"https:\/\/www.locoxelrojo.com\/independiente\/wp-json\/wp\/v2\/posts\/122581\/revisions\/122583"}],"wp:featuredmedia":[{"embeddable":true,"href":"https:\/\/www.locoxelrojo.com\/independiente\/wp-json\/wp\/v2\/media\/122582"}],"wp:attachment":[{"href":"https:\/\/www.locoxelrojo.com\/independiente\/wp-json\/wp\/v2\/media?parent=122581"}],"wp:term":[{"taxonomy":"category","embeddable":true,"href":"https:\/\/www.locoxelrojo.com\/independiente\/wp-json\/wp\/v2\/categories?post=122581"},{"taxonomy":"post_tag","embeddable":true,"href":"https:\/\/www.locoxelrojo.com\/independiente\/wp-json\/wp\/v2\/tags?post=122581"}],"curies":[{"name":"wp","href":"https:\/\/api.w.org\/{rel}","templated":true}]}}