{"id":12268,"date":"2011-10-27T12:38:08","date_gmt":"2011-10-27T15:38:08","guid":{"rendered":"http:\/\/www.locoxelrojo.com.ar\/independiente\/?p=12268"},"modified":"2011-10-28T02:10:04","modified_gmt":"2011-10-28T05:10:04","slug":"una-practica-con-muchas-particularidades","status":"publish","type":"post","link":"https:\/\/www.locoxelrojo.com\/independiente\/2011\/10\/27\/una-practica-con-muchas-particularidades\/","title":{"rendered":"Una pr\u00e1ctica con muchas particularidades"},"content":{"rendered":"<p><a href=\"http:\/\/www.locoxelrojo.com.ar\/independiente\/wp-content\/uploads\/2011\/10\/ginoclara.gif\"><img loading=\"lazy\" class=\"alignnone size-full wp-image-12269\" title=\"ginoclara\" src=\"http:\/\/www.locoxelrojo.com.ar\/independiente\/wp-content\/uploads\/2011\/10\/ginoclara.gif\" alt=\"\" width=\"590\" height=\"315\" srcset=\"https:\/\/locoxelrojo.com\/independiente\/wp-content\/uploads\/2011\/10\/ginoclara.gif 590w, https:\/\/locoxelrojo.com\/independiente\/wp-content\/uploads\/2011\/10\/ginoclara-300x160.gif 300w\" sizes=\"(max-width: 590px) 100vw, 590px\" \/><\/a><\/p>\n<p>Hilario Navarro ataj\u00f3 para los suplentes y seguramente vuelva a relegar a Adri\u00e1n Gabbarini del banco de los suplentes frente a Arsenal. Adem\u00e1s, Ram\u00f3n D\u00edaz ratific\u00f3 a Argach\u00e1 por sobre Maxi Vel\u00e1zquez nuevamente y dej\u00f3 afuera a Facundo Parra quien ser\u00e1 sustituido por Marco P\u00e9rez.<\/p>\n<p>Sin embargo, tambi\u00e9n hubo otras sorpresas. Diego Churin estuvo entre los suplentes profesionales y releg\u00f3 a Gino Clara quien estuvo entre los suplentes de la Reserva. Entre los titulares del equipo dirigido por Cristian D\u00edaz, Ram\u00f3n pudo observar a Francisco Pizzini y Patricio Vidal.<\/p>\n<p>Otra sorpresa la dio Iv\u00e1n V\u00e9lez quien sigue formando parte de la Reserva puesto a que todo parece indicar que no jugar\u00e1 m\u00e1s en Independiente. Gabriel Vall\u00e9s, en tanto, fue quien ocup\u00f3 un lugar entre los suplentes profesionales. Adem\u00e1s, Ram\u00f3n pudo observar a varios jugadores de divisiones inferiores. Entre ellos: Lucas Villalba, Sa\u00fal Nelle, Alejandro Mu\u00f1oz y Navarro.<\/p>\n<p>Concentrados:<\/p>\n<p><strong>Arqueros:<\/strong> Fabi\u00e1n Assmann, Adri\u00e1n Gabbarini.<br \/>\n<strong>Defensores:<\/strong> Juli\u00e1n Vel\u00e1zquez, Eduardo Tuzzio, Gabriel Milito, Adri\u00e1n Argach\u00e1, Carlos Matheu, Gabriel Vall\u00e9s, Maximiliano Vel\u00e1zquez.<br \/>\n<strong>Mediocampistas:<\/strong> Fernando Godoy, Cristian Pellerano, Osmar Ferreyra, Nicol\u00e1s Cabrera, Iv\u00e1n P\u00e9rez.<br \/>\n<strong>Delanteros:<\/strong> Patricio Rodr\u00edguez, Marco P\u00e9rez, Leonel N\u00fa\u00f1ez, Patricio Rodr\u00edguez, Mat\u00edas Defederico, Diego Chur\u00edn, Facundo Parra.<\/p>\n","protected":false},"excerpt":{"rendered":"<p>Hilario Navarro ataj\u00f3 para los suplentes y seguramente vuelva a relegar a Adri\u00e1n Gabbarini del banco de los suplentes frente a Arsenal. Adem\u00e1s, Ram\u00f3n D\u00edaz ratific\u00f3 a Argach\u00e1 por sobre Maxi Vel\u00e1zquez nuevamente y dej\u00f3 afuera a Facundo Parra quien ser\u00e1 sustituido por Marco P\u00e9rez. Sin embargo, tambi\u00e9n hubo otras sorpresas. Diego Churin estuvo entre [&hellip;]<\/p>\n","protected":false},"author":1,"featured_media":0,"comment_status":"open","ping_status":"open","sticky":false,"template":"","format":"standard","meta":{"_links_to":"","_links_to_target":""},"categories":[3,1],"tags":[153,455,40,609,412],"_links":{"self":[{"href":"https:\/\/www.locoxelrojo.com\/independiente\/wp-json\/wp\/v2\/posts\/12268"}],"collection":[{"href":"https:\/\/www.locoxelrojo.com\/independiente\/wp-json\/wp\/v2\/posts"}],"about":[{"href":"https:\/\/www.locoxelrojo.com\/independiente\/wp-json\/wp\/v2\/types\/post"}],"author":[{"embeddable":true,"href":"https:\/\/www.locoxelrojo.com\/independiente\/wp-json\/wp\/v2\/users\/1"}],"replies":[{"embeddable":true,"href":"https:\/\/www.locoxelrojo.com\/independiente\/wp-json\/wp\/v2\/comments?post=12268"}],"version-history":[{"count":0,"href":"https:\/\/www.locoxelrojo.com\/independiente\/wp-json\/wp\/v2\/posts\/12268\/revisions"}],"wp:attachment":[{"href":"https:\/\/www.locoxelrojo.com\/independiente\/wp-json\/wp\/v2\/media?parent=12268"}],"wp:term":[{"taxonomy":"category","embeddable":true,"href":"https:\/\/www.locoxelrojo.com\/independiente\/wp-json\/wp\/v2\/categories?post=12268"},{"taxonomy":"post_tag","embeddable":true,"href":"https:\/\/www.locoxelrojo.com\/independiente\/wp-json\/wp\/v2\/tags?post=12268"}],"curies":[{"name":"wp","href":"https:\/\/api.w.org\/{rel}","templated":true}]}}