{"id":122689,"date":"2024-12-17T21:15:45","date_gmt":"2024-12-18T00:15:45","guid":{"rendered":"https:\/\/www.locoxelrojo.com\/independiente\/?p=122689"},"modified":"2024-12-17T23:36:33","modified_gmt":"2024-12-18T02:36:33","slug":"dibu-martinez-otra-vez-el-mejor-del-mundo","status":"publish","type":"post","link":"https:\/\/www.locoxelrojo.com\/independiente\/2024\/12\/17\/dibu-martinez-otra-vez-el-mejor-del-mundo\/","title":{"rendered":"Dibu Mart\u00ednez, otra vez el mejor del mundo"},"content":{"rendered":"<p><strong>Emiliano Mart\u00ednez volvi\u00f3 a ganar el premio The Best como mejor arquero del mundo. Independiente le rindi\u00f3 un emotivo homenaje.<\/strong><\/p>\n<p>El Dibu, campe\u00f3n de todo con la Selecci\u00f3n Argentina, ven\u00eda de ganar el Lev Yashin por segunda vez consecutiva. Y ahora, recibi\u00f3 una nueva distinci\u00f3n por parte de la FIFA. Se trata del premio The Best,<strong> galard\u00f3n que ya hab\u00eda obtenido en 2022<\/strong>.<\/p>\n<p>M\u00e9ritos tiene de sobra. Adem\u00e1s de brillar en el Aston Villa, este a\u00f1o el arquero fue bicampe\u00f3n de la Copa Am\u00e9rica y defendi\u00f3 el arco de una Selecci\u00f3n que lider\u00f3 el ranking FIFA y que fue puntera de las Eliminatorias Sudamericanas. Con la nueva obtenci\u00f3n del premio, <strong>Dibu se convirti\u00f3 en el primer arquero en ganarlo dos veces<\/strong>.<\/p>\n<blockquote class=\"twitter-tweet\">\n<p dir=\"ltr\" lang=\"es\">Los alumnos del Centro Educativo homenajearon al Dibu Mart\u00ednez.<\/p>\n<p>La Escuela del Rey de Copas saluda al hijo pr\u00f3digo de la Escuela de Pep\u00e9.<\/p>\n<p>\u00a1Otra vez el mejor del Mundo!<a href=\"https:\/\/twitter.com\/hashtag\/OrgulloNacional?src=hash&amp;ref_src=twsrc%5Etfw\">#OrgulloNacional<\/a> <a href=\"https:\/\/twitter.com\/hashtag\/TodoRojo?src=hash&amp;ref_src=twsrc%5Etfw\">#TodoRojo<\/a>  <a href=\"https:\/\/t.co\/pEvNIEEqqk\">pic.twitter.com\/pEvNIEEqqk<\/a><\/p>\n<p>\u2014 C. A. Independiente (@Independiente) <a href=\"https:\/\/twitter.com\/Independiente\/status\/1869162965464936701?ref_src=twsrc%5Etfw\">December 17, 2024<\/a><\/p><\/blockquote>\n<p><script async src=\"https:\/\/platform.twitter.com\/widgets.js\" charset=\"utf-8\"><\/script><\/p>\n<p>Tras conocerse la premiaci\u00f3n, los alumnos del <strong>Centro Educativo de Independiente<\/strong> le rindieron un conmovedor homenaje al Dibu, recordando su paso por la instituci\u00f3n.<\/p>\n<p><strong>&#8220;La Escuela del Rey de Copas saluda al hijo pr\u00f3digo de la Escuela de Pep\u00e9. \u00a1Otra vez el mejor del Mundo!&#8221;<\/strong>, destacaron desde el club, y postearon un video en el que se escuchaban emotivas palabras de Miguel \u00c1ngel Santoro, gran maestro del Dibu.<\/p>\n","protected":false},"excerpt":{"rendered":"<p>Emiliano Mart\u00ednez volvi\u00f3 a ganar el premio The Best como mejor arquero del mundo. Independiente le rindi\u00f3 un emotivo homenaje. El Dibu, campe\u00f3n de todo con la Selecci\u00f3n Argentina, ven\u00eda de ganar el Lev Yashin por segunda vez consecutiva. Y ahora, recibi\u00f3 una nueva distinci\u00f3n por parte de la FIFA. Se trata del premio The [&hellip;]<\/p>\n","protected":false},"author":8,"featured_media":122690,"comment_status":"open","ping_status":"closed","sticky":false,"template":"","format":"standard","meta":{"_links_to":"","_links_to_target":""},"categories":[2043,3247],"tags":[153,814,3277,5372],"_links":{"self":[{"href":"https:\/\/www.locoxelrojo.com\/independiente\/wp-json\/wp\/v2\/posts\/122689"}],"collection":[{"href":"https:\/\/www.locoxelrojo.com\/independiente\/wp-json\/wp\/v2\/posts"}],"about":[{"href":"https:\/\/www.locoxelrojo.com\/independiente\/wp-json\/wp\/v2\/types\/post"}],"author":[{"embeddable":true,"href":"https:\/\/www.locoxelrojo.com\/independiente\/wp-json\/wp\/v2\/users\/8"}],"replies":[{"embeddable":true,"href":"https:\/\/www.locoxelrojo.com\/independiente\/wp-json\/wp\/v2\/comments?post=122689"}],"version-history":[{"count":1,"href":"https:\/\/www.locoxelrojo.com\/independiente\/wp-json\/wp\/v2\/posts\/122689\/revisions"}],"predecessor-version":[{"id":122691,"href":"https:\/\/www.locoxelrojo.com\/independiente\/wp-json\/wp\/v2\/posts\/122689\/revisions\/122691"}],"wp:featuredmedia":[{"embeddable":true,"href":"https:\/\/www.locoxelrojo.com\/independiente\/wp-json\/wp\/v2\/media\/122690"}],"wp:attachment":[{"href":"https:\/\/www.locoxelrojo.com\/independiente\/wp-json\/wp\/v2\/media?parent=122689"}],"wp:term":[{"taxonomy":"category","embeddable":true,"href":"https:\/\/www.locoxelrojo.com\/independiente\/wp-json\/wp\/v2\/categories?post=122689"},{"taxonomy":"post_tag","embeddable":true,"href":"https:\/\/www.locoxelrojo.com\/independiente\/wp-json\/wp\/v2\/tags?post=122689"}],"curies":[{"name":"wp","href":"https:\/\/api.w.org\/{rel}","templated":true}]}}