{"id":122699,"date":"2024-12-18T18:53:47","date_gmt":"2024-12-18T21:53:47","guid":{"rendered":"https:\/\/www.locoxelrojo.com\/independiente\/?p=122699"},"modified":"2024-12-18T18:53:47","modified_gmt":"2024-12-18T21:53:47","slug":"se-define-el-futuro-de-marcone-si-o-no","status":"publish","type":"post","link":"https:\/\/www.locoxelrojo.com\/independiente\/2024\/12\/18\/se-define-el-futuro-de-marcone-si-o-no\/","title":{"rendered":"Se define el futuro de Marcone: \u00bfS\u00ed o no?"},"content":{"rendered":"<p><strong><a href=\"https:\/\/www.locoxelrojo.com\/independiente\/2024\/12\/10\/mensaje-de-despedida-de-marcone\/#google_vignette\">Ivan Marcone<\/a><\/strong> finaliza su contrato con <strong>Independiente<\/strong> este 31\/12 y las especulaciones acerca de su futuro est\u00e1n m\u00e1s vivas que nunca.<\/p>\n<p>Si bien el futbolista y capit\u00e1n de Independiente se encuentra de vacaciones, el pedido expreso de \u00e9l hac\u00eda su representante, <strong>Christian Bragarnik<\/strong>, es el de continuar bajo las condiciones de <strong>ceder la cinta<\/strong> y tener otro rol en el vestuario.<\/p>\n<p>La dirigencia est\u00e1 llevando a cabo reuniones con su representaci\u00f3n para resolver no solo su futuro sino adem\u00e1s la deuda que el club mantiene con el jugador. Sin embargo, la <strong>Comisi\u00f3n Directiva <\/strong>se encuentra dividida intentando tomar una decisi\u00f3n. <strong>Algunos sectores de ella consideran que su ciclo est\u00e1 cumplido; otros que es irremplazable y que la renovaci\u00f3n debe darse.<\/strong><\/p>\n<p>Al mismo tiempo, <strong>Julio Vaccari<\/strong> tambi\u00e9n tiene pretensiones de influir en esta decisi\u00f3n ya que ha manifestado su deseo de que si Marcone se queda en el club, necesitar\u00eda que el Rojo contrate a otro jugador para pelear su puesto. Y, al mismo tiempo si es que este no se queda, exige dos futbolistas que puedan ocupar ese rol.<\/p>\n<p>Se vienen d\u00edas decisivos para definir el futuro de Marcone en el Rey de Copas. \u00bfSeguir\u00e1 o es fin de ciclo?<\/p>\n","protected":false},"excerpt":{"rendered":"<p>Ivan Marcone finaliza su contrato con Independiente este 31\/12 y las especulaciones acerca de su futuro est\u00e1n m\u00e1s vivas que nunca. Si bien el futbolista y capit\u00e1n de Independiente se encuentra de vacaciones, el pedido expreso de \u00e9l hac\u00eda su representante, Christian Bragarnik, es el de continuar bajo las condiciones de ceder la cinta y [&hellip;]<\/p>\n","protected":false},"author":101036,"featured_media":122512,"comment_status":"open","ping_status":"closed","sticky":false,"template":"","format":"standard","meta":{"_links_to":"","_links_to_target":""},"categories":[3280,3247],"tags":[4511,153,2729,5633],"_links":{"self":[{"href":"https:\/\/www.locoxelrojo.com\/independiente\/wp-json\/wp\/v2\/posts\/122699"}],"collection":[{"href":"https:\/\/www.locoxelrojo.com\/independiente\/wp-json\/wp\/v2\/posts"}],"about":[{"href":"https:\/\/www.locoxelrojo.com\/independiente\/wp-json\/wp\/v2\/types\/post"}],"author":[{"embeddable":true,"href":"https:\/\/www.locoxelrojo.com\/independiente\/wp-json\/wp\/v2\/users\/101036"}],"replies":[{"embeddable":true,"href":"https:\/\/www.locoxelrojo.com\/independiente\/wp-json\/wp\/v2\/comments?post=122699"}],"version-history":[{"count":3,"href":"https:\/\/www.locoxelrojo.com\/independiente\/wp-json\/wp\/v2\/posts\/122699\/revisions"}],"predecessor-version":[{"id":122717,"href":"https:\/\/www.locoxelrojo.com\/independiente\/wp-json\/wp\/v2\/posts\/122699\/revisions\/122717"}],"wp:featuredmedia":[{"embeddable":true,"href":"https:\/\/www.locoxelrojo.com\/independiente\/wp-json\/wp\/v2\/media\/122512"}],"wp:attachment":[{"href":"https:\/\/www.locoxelrojo.com\/independiente\/wp-json\/wp\/v2\/media?parent=122699"}],"wp:term":[{"taxonomy":"category","embeddable":true,"href":"https:\/\/www.locoxelrojo.com\/independiente\/wp-json\/wp\/v2\/categories?post=122699"},{"taxonomy":"post_tag","embeddable":true,"href":"https:\/\/www.locoxelrojo.com\/independiente\/wp-json\/wp\/v2\/tags?post=122699"}],"curies":[{"name":"wp","href":"https:\/\/api.w.org\/{rel}","templated":true}]}}