{"id":122728,"date":"2024-12-19T21:12:54","date_gmt":"2024-12-20T00:12:54","guid":{"rendered":"https:\/\/www.locoxelrojo.com\/independiente\/?p=122728"},"modified":"2024-12-19T21:12:54","modified_gmt":"2024-12-20T00:12:54","slug":"seoane-vamos-a-comprar-a-lomonaco-no-hay-dudas","status":"publish","type":"post","link":"https:\/\/www.locoxelrojo.com\/independiente\/2024\/12\/19\/seoane-vamos-a-comprar-a-lomonaco-no-hay-dudas\/","title":{"rendered":"Seoane: \u201cVamos a comprar a Lom\u00f3naco, no hay dudas\u201d"},"content":{"rendered":"<p><strong>Daniel Seoane, secretario general de Independiente, confirm\u00f3 que comprar\u00e1n a Kevin Lom\u00f3naco.<\/strong><\/p>\n<p>Cuando los rumores de un posible inter\u00e9s de Boca por el central se empezaban a hacer m\u00e1s fuerte, <strong>el dirigente del Rojo calm\u00f3 las aguas y le transmiti\u00f3 tranquilidad a los hinchas.<\/strong><\/p>\n<p><strong>&#8220;Por Lom\u00f3naco, Independiente tiene una opci\u00f3n de compra y por como viene el jugador lo vamos a comprar, no hay dudas&#8221;<\/strong>, asegur\u00f3, en Radio Continental.<\/p>\n<blockquote class=\"twitter-tweet\">\n<p dir=\"ltr\" lang=\"es\">AHORA | <a href=\"https:\/\/twitter.com\/SDM_590?ref_src=twsrc%5Etfw\">@SDM_590<\/a><\/p>\n<p>Daniel Seoane, Secretario General de Independiente \ufe0f<\/p>\n<p>&#8220;Con Kevin Lom\u00f3naco tenemos un pr\u00e9stamo con una opci\u00f3n de compra, como viene actuando lo vamos a comprar. No habr\u00eda ning\u00fan tipo de inconveniente&#8221; <a href=\"https:\/\/t.co\/HGUjOWlOOW\">pic.twitter.com\/HGUjOWlOOW<\/a><\/p>\n<p>\u2014 Radio Continental AM 590 (@Continental590) <a href=\"https:\/\/twitter.com\/Continental590\/status\/1869519343882768511?ref_src=twsrc%5Etfw\">December 18, 2024<\/a><\/p><\/blockquote>\n<p><script async src=\"https:\/\/platform.twitter.com\/widgets.js\" charset=\"utf-8\"><\/script><\/p>\n<p>Recordemos que el Rey de Copas <strong>tiene hasta el 31 de diciembre para comprarlo en 3.000.000 de d\u00f3lares. Despu\u00e9s de esa fecha, el monto asciende a 3.500.000 d\u00f3lares.<\/strong><\/p>\n<p>En su primer semestre con Independiente, Lom\u00f3naco <strong>jug\u00f3 24 encuentros, anot\u00f3 2 goles y tan sol\u00f3 fue amonestado en 3 ocasiones.<\/strong><\/p>\n","protected":false},"excerpt":{"rendered":"<p>Daniel Seoane, secretario general de Independiente, confirm\u00f3 que comprar\u00e1n a Kevin Lom\u00f3naco. Cuando los rumores de un posible inter\u00e9s de Boca por el central se empezaban a hacer m\u00e1s fuerte, el dirigente del Rojo calm\u00f3 las aguas y le transmiti\u00f3 tranquilidad a los hinchas. &#8220;Por Lom\u00f3naco, Independiente tiene una opci\u00f3n de compra y por como [&hellip;]<\/p>\n","protected":false},"author":101034,"featured_media":122753,"comment_status":"open","ping_status":"closed","sticky":false,"template":"","format":"standard","meta":{"_links_to":"","_links_to_target":""},"categories":[3280,3247],"tags":[153,1793,5658],"_links":{"self":[{"href":"https:\/\/www.locoxelrojo.com\/independiente\/wp-json\/wp\/v2\/posts\/122728"}],"collection":[{"href":"https:\/\/www.locoxelrojo.com\/independiente\/wp-json\/wp\/v2\/posts"}],"about":[{"href":"https:\/\/www.locoxelrojo.com\/independiente\/wp-json\/wp\/v2\/types\/post"}],"author":[{"embeddable":true,"href":"https:\/\/www.locoxelrojo.com\/independiente\/wp-json\/wp\/v2\/users\/101034"}],"replies":[{"embeddable":true,"href":"https:\/\/www.locoxelrojo.com\/independiente\/wp-json\/wp\/v2\/comments?post=122728"}],"version-history":[{"count":5,"href":"https:\/\/www.locoxelrojo.com\/independiente\/wp-json\/wp\/v2\/posts\/122728\/revisions"}],"predecessor-version":[{"id":122754,"href":"https:\/\/www.locoxelrojo.com\/independiente\/wp-json\/wp\/v2\/posts\/122728\/revisions\/122754"}],"wp:featuredmedia":[{"embeddable":true,"href":"https:\/\/www.locoxelrojo.com\/independiente\/wp-json\/wp\/v2\/media\/122753"}],"wp:attachment":[{"href":"https:\/\/www.locoxelrojo.com\/independiente\/wp-json\/wp\/v2\/media?parent=122728"}],"wp:term":[{"taxonomy":"category","embeddable":true,"href":"https:\/\/www.locoxelrojo.com\/independiente\/wp-json\/wp\/v2\/categories?post=122728"},{"taxonomy":"post_tag","embeddable":true,"href":"https:\/\/www.locoxelrojo.com\/independiente\/wp-json\/wp\/v2\/tags?post=122728"}],"curies":[{"name":"wp","href":"https:\/\/api.w.org\/{rel}","templated":true}]}}