{"id":122818,"date":"2024-12-23T17:23:30","date_gmt":"2024-12-23T20:23:30","guid":{"rendered":"https:\/\/www.locoxelrojo.com\/independiente\/?p=122818"},"modified":"2024-12-23T17:23:30","modified_gmt":"2024-12-23T20:23:30","slug":"tocalli-veo-un-muy-buen-futuro-respecto-a-los-juveniles","status":"publish","type":"post","link":"https:\/\/www.locoxelrojo.com\/independiente\/2024\/12\/23\/tocalli-veo-un-muy-buen-futuro-respecto-a-los-juveniles\/","title":{"rendered":"Tocalli: \u201cVeo un muy buen futuro respecto a los juveniles\u201d"},"content":{"rendered":"<p><strong>Hugo Tocalli, <a href=\"https:\/\/www.locoxelrojo.com\/independiente\/2024\/05\/03\/tocalli-2026\/\">coordinador de las divisiones inferiores de Independiente<\/a>, se mostr\u00f3 optimista con el futuro del club.<\/strong><\/p>\n<p>En di\u00e1logo con DSports Radio, Tocalli dio su opini\u00f3n acerca de los juveniles y del trabajo de Julio Vaccari: <strong>&#8220;Yo veo un muy buen futuro respecto a los juveniles, ya sea para que crezca el equipo de Primera o ventas. Vaccari trabaja mucho con nosotros, siempre se lleva entre 5 y 10 jugadores para que trabajen con \u00e9l. Estamos muy contentos&#8221;.<\/strong><\/p>\n<p><strong>&#8220;Me llena de orgullo que Lionel Scaloni convoque a juveniles para que vayan compartiendo espacio con los mayores. Entre Sub 17 y Sub 20 de Argentina y Paraguay tenemos 17 o 18 jugadores convocados. Si tuviera que marcar algo a mejorar en el club, ser\u00eda infraestructura pensando a futuro&#8221;<\/strong>, agreg\u00f3.<\/p>\n<p>Por \u00faltimo, hizo referencia al presente de Tom\u00e1s Parmo y de Benjam\u00edn Ag\u00fcero: <strong>&#8220;No hay que cargarle responsabilidades a Parmo. Es un muy buen jugador y de gran futuro, pero hay que llevarlo despacio. Benjam\u00edn es un fen\u00f3meno, no es el mismo que lleg\u00f3 al club, est\u00e1 creciendo mucho. Por suerte su familia lo acompa\u00f1a en todo&#8221;.<\/strong><\/p>\n","protected":false},"excerpt":{"rendered":"<p>Hugo Tocalli, coordinador de las divisiones inferiores de Independiente, se mostr\u00f3 optimista con el futuro del club. En di\u00e1logo con DSports Radio, Tocalli dio su opini\u00f3n acerca de los juveniles y del trabajo de Julio Vaccari: &#8220;Yo veo un muy buen futuro respecto a los juveniles, ya sea para que crezca el equipo de Primera [&hellip;]<\/p>\n","protected":false},"author":101037,"featured_media":114900,"comment_status":"open","ping_status":"closed","sticky":false,"template":"","format":"standard","meta":{"_links_to":"","_links_to_target":""},"categories":[3280,3247],"tags":[1468,153,5345,3265,5165],"_links":{"self":[{"href":"https:\/\/www.locoxelrojo.com\/independiente\/wp-json\/wp\/v2\/posts\/122818"}],"collection":[{"href":"https:\/\/www.locoxelrojo.com\/independiente\/wp-json\/wp\/v2\/posts"}],"about":[{"href":"https:\/\/www.locoxelrojo.com\/independiente\/wp-json\/wp\/v2\/types\/post"}],"author":[{"embeddable":true,"href":"https:\/\/www.locoxelrojo.com\/independiente\/wp-json\/wp\/v2\/users\/101037"}],"replies":[{"embeddable":true,"href":"https:\/\/www.locoxelrojo.com\/independiente\/wp-json\/wp\/v2\/comments?post=122818"}],"version-history":[{"count":3,"href":"https:\/\/www.locoxelrojo.com\/independiente\/wp-json\/wp\/v2\/posts\/122818\/revisions"}],"predecessor-version":[{"id":122827,"href":"https:\/\/www.locoxelrojo.com\/independiente\/wp-json\/wp\/v2\/posts\/122818\/revisions\/122827"}],"wp:featuredmedia":[{"embeddable":true,"href":"https:\/\/www.locoxelrojo.com\/independiente\/wp-json\/wp\/v2\/media\/114900"}],"wp:attachment":[{"href":"https:\/\/www.locoxelrojo.com\/independiente\/wp-json\/wp\/v2\/media?parent=122818"}],"wp:term":[{"taxonomy":"category","embeddable":true,"href":"https:\/\/www.locoxelrojo.com\/independiente\/wp-json\/wp\/v2\/categories?post=122818"},{"taxonomy":"post_tag","embeddable":true,"href":"https:\/\/www.locoxelrojo.com\/independiente\/wp-json\/wp\/v2\/tags?post=122818"}],"curies":[{"name":"wp","href":"https:\/\/api.w.org\/{rel}","templated":true}]}}