{"id":12282,"date":"2011-10-28T14:02:07","date_gmt":"2011-10-28T17:02:07","guid":{"rendered":"http:\/\/www.locoxelrojo.com.ar\/independiente\/?p=12282"},"modified":"2011-10-28T14:02:07","modified_gmt":"2011-10-28T17:02:07","slug":"pensando-en-arsenal-2","status":"publish","type":"post","link":"https:\/\/www.locoxelrojo.com\/independiente\/2011\/10\/28\/pensando-en-arsenal-2\/","title":{"rendered":"Pensando en Arsenal"},"content":{"rendered":"<p><a href=\"http:\/\/www.locoxelrojo.com.ar\/independiente\/wp-content\/uploads\/2011\/10\/independiente_entrenamiento2.gif\"><img loading=\"lazy\" class=\"alignnone size-full wp-image-12283\" title=\"independiente_entrenamiento\" src=\"http:\/\/www.locoxelrojo.com.ar\/independiente\/wp-content\/uploads\/2011\/10\/independiente_entrenamiento2.gif\" alt=\"\" width=\"590\" height=\"315\" srcset=\"https:\/\/locoxelrojo.com\/independiente\/wp-content\/uploads\/2011\/10\/independiente_entrenamiento2.gif 590w, https:\/\/locoxelrojo.com\/independiente\/wp-content\/uploads\/2011\/10\/independiente_entrenamiento2-300x160.gif 300w\" sizes=\"(max-width: 590px) 100vw, 590px\" \/><\/a><\/p>\n<p>Independiente se entren\u00f3 en Villa Dom\u00ednico pensando en el partido que tendr\u00e1 ma\u00f1ana a partir de las 21:15 en el Libertadores de Am\u00e9rica frente a Arsenal de Sarand\u00ed. La jornada comenz\u00f3 con entrada en calor, luego se intensificaron los trabajos f\u00edsicos. En cuanto a lo futbol\u00edstico, Ram\u00f3n dispuso f\u00fatbol reducido y trabajos de pelota parada.<\/p>\n<p>Al igual que ayer; Roberto Batti\u00f3n, Hern\u00e1n Fredes y Mart\u00edn Ben\u00edtez entrenaron diferenciado. El juvenil trot\u00f3 diferenciado durante toda la semana por una contractura en el aductor izquierdo. Fredes, no se recuper\u00f3 de su contractura en el gemelo izquierdo y Batti\u00f3n a\u00fan fortalece los m\u00fasculos antes de tomar contacto con la pelota. En todos los casos trabajaron en el gimnasio y luego corrieron alrrededor de las canchas.<\/p>\n<p>Recordamos que los concentrados son:<\/p>\n<p><strong>Arqueros:<\/strong> Fabi\u00e1n Assmann, Adri\u00e1n Gabbarini.<br \/>\n<strong>Defensores:<\/strong> Juli\u00e1n Vel\u00e1zquez, Eduardo Tuzzio, Gabriel Milito, Adri\u00e1n Argach\u00e1, Carlos Matheu, Gabriel Vall\u00e9s, Maximiliano Vel\u00e1zquez.<br \/>\n<strong>Mediocampistas:<\/strong> Fernando Godoy, Cristian Pellerano, Osmar Ferreyra, Nicol\u00e1s Cabrera, Iv\u00e1n P\u00e9rez.<br \/>\n<strong>Delanteros:<\/strong> Patricio Rodr\u00edguez, Marco P\u00e9rez, Leonel N\u00fa\u00f1ez, Patricio Rodr\u00edguez, Mat\u00edas Defederico, Diego Chur\u00edn, Facundo Parra.<\/p>\n","protected":false},"excerpt":{"rendered":"<p>Independiente se entren\u00f3 en Villa Dom\u00ednico pensando en el partido que tendr\u00e1 ma\u00f1ana a partir de las 21:15 en el Libertadores de Am\u00e9rica frente a Arsenal de Sarand\u00ed. La jornada comenz\u00f3 con entrada en calor, luego se intensificaron los trabajos f\u00edsicos. En cuanto a lo futbol\u00edstico, Ram\u00f3n dispuso f\u00fatbol reducido y trabajos de pelota parada. [&hellip;]<\/p>\n","protected":false},"author":1,"featured_media":0,"comment_status":"open","ping_status":"open","sticky":false,"template":"","format":"standard","meta":{"_links_to":"","_links_to_target":""},"categories":[3,1],"tags":[543,153,500,974],"_links":{"self":[{"href":"https:\/\/www.locoxelrojo.com\/independiente\/wp-json\/wp\/v2\/posts\/12282"}],"collection":[{"href":"https:\/\/www.locoxelrojo.com\/independiente\/wp-json\/wp\/v2\/posts"}],"about":[{"href":"https:\/\/www.locoxelrojo.com\/independiente\/wp-json\/wp\/v2\/types\/post"}],"author":[{"embeddable":true,"href":"https:\/\/www.locoxelrojo.com\/independiente\/wp-json\/wp\/v2\/users\/1"}],"replies":[{"embeddable":true,"href":"https:\/\/www.locoxelrojo.com\/independiente\/wp-json\/wp\/v2\/comments?post=12282"}],"version-history":[{"count":0,"href":"https:\/\/www.locoxelrojo.com\/independiente\/wp-json\/wp\/v2\/posts\/12282\/revisions"}],"wp:attachment":[{"href":"https:\/\/www.locoxelrojo.com\/independiente\/wp-json\/wp\/v2\/media?parent=12282"}],"wp:term":[{"taxonomy":"category","embeddable":true,"href":"https:\/\/www.locoxelrojo.com\/independiente\/wp-json\/wp\/v2\/categories?post=12282"},{"taxonomy":"post_tag","embeddable":true,"href":"https:\/\/www.locoxelrojo.com\/independiente\/wp-json\/wp\/v2\/tags?post=12282"}],"curies":[{"name":"wp","href":"https:\/\/api.w.org\/{rel}","templated":true}]}}