{"id":12285,"date":"2011-10-28T14:16:44","date_gmt":"2011-10-28T17:16:44","guid":{"rendered":"http:\/\/www.locoxelrojo.com.ar\/independiente\/?p=12285"},"modified":"2015-09-18T23:16:55","modified_gmt":"2015-09-19T02:16:55","slug":"marco-perez-esperemos-poder-cambiar-la-situacion","status":"publish","type":"post","link":"https:\/\/www.locoxelrojo.com\/independiente\/2011\/10\/28\/marco-perez-esperemos-poder-cambiar-la-situacion\/","title":{"rendered":"Marco P\u00e9rez: &#8220;Esperemos poder cambiar la situaci\u00f3n&#8221;"},"content":{"rendered":"<p><a href=\"http:\/\/www.locoxelrojo.com.ar\/independiente\/wp-content\/uploads\/2011\/10\/marcoperez.gif\"><img loading=\"lazy\" class=\"alignnone size-full wp-image-12286\" title=\"marcoperez\" src=\"http:\/\/www.locoxelrojo.com.ar\/independiente\/wp-content\/uploads\/2011\/10\/marcoperez.gif\" alt=\"\" width=\"590\" height=\"315\" srcset=\"https:\/\/locoxelrojo.com\/independiente\/wp-content\/uploads\/2011\/10\/marcoperez.gif 590w, https:\/\/locoxelrojo.com\/independiente\/wp-content\/uploads\/2011\/10\/marcoperez-300x160.gif 300w\" sizes=\"(max-width: 590px) 100vw, 590px\" \/><\/a><\/p>\n<p>Luego de la pr\u00e1ctica matutina Marco P\u00e9rez dialog\u00f3 con la prensa y se refiri\u00f3 a su inclusi\u00f3n entre los 11 titulares. <strong>&#8220;Esperemos \u00a0poder cambiar la situaci\u00f3n ma\u00f1ana y poder marcar&#8221;<\/strong>, fue el deseo del colombiano quien reemplazar\u00e1 a Facundo Parra quien apenas suma 1 gol en las \u00faltimas 11 presentaciones.<\/p>\n<p>Si bien la situaci\u00f3n del colombiano no es muy distante puesto a que marc\u00f3 2 goles en todo el campeonato. Ram\u00f3n D\u00edaz le dar\u00e1 la oportunidad considerando que ingres\u00f3 desde el banco de suplentes frente a Banfield y creo tres situaciones que no pudo concretar.<\/p>\n<p>De todas formas, aclar\u00f3:<strong> &#8220;Habl\u00e9 con Facundo y es una competencia sana&#8221;<\/strong>. Independiente apenas marc\u00f3 9 goles en 13 fechas y la diferencia de gol es de menos cuatro. Tiempo de cambios cuando ya suenan Bergessio y Menseguez, a pesar de que desde la dirigencia digan que Ram\u00f3n no quiere hablar de refuerzos para fomentar la competencia interna.<\/p>\n","protected":false},"excerpt":{"rendered":"<p>Luego de la pr\u00e1ctica matutina Marco P\u00e9rez dialog\u00f3 con la prensa y se refiri\u00f3 a su inclusi\u00f3n entre los 11 titulares. &#8220;Esperemos \u00a0poder cambiar la situaci\u00f3n ma\u00f1ana y poder marcar&#8221;, fue el deseo del colombiano quien reemplazar\u00e1 a Facundo Parra quien apenas suma 1 gol en las \u00faltimas 11 presentaciones. Si bien la situaci\u00f3n del [&hellip;]<\/p>\n","protected":false},"author":1,"featured_media":0,"comment_status":"open","ping_status":"open","sticky":false,"template":"","format":"standard","meta":{"_links_to":"","_links_to_target":""},"categories":[3,1],"tags":[543,153,36,547,500],"_links":{"self":[{"href":"https:\/\/www.locoxelrojo.com\/independiente\/wp-json\/wp\/v2\/posts\/12285"}],"collection":[{"href":"https:\/\/www.locoxelrojo.com\/independiente\/wp-json\/wp\/v2\/posts"}],"about":[{"href":"https:\/\/www.locoxelrojo.com\/independiente\/wp-json\/wp\/v2\/types\/post"}],"author":[{"embeddable":true,"href":"https:\/\/www.locoxelrojo.com\/independiente\/wp-json\/wp\/v2\/users\/1"}],"replies":[{"embeddable":true,"href":"https:\/\/www.locoxelrojo.com\/independiente\/wp-json\/wp\/v2\/comments?post=12285"}],"version-history":[{"count":0,"href":"https:\/\/www.locoxelrojo.com\/independiente\/wp-json\/wp\/v2\/posts\/12285\/revisions"}],"wp:attachment":[{"href":"https:\/\/www.locoxelrojo.com\/independiente\/wp-json\/wp\/v2\/media?parent=12285"}],"wp:term":[{"taxonomy":"category","embeddable":true,"href":"https:\/\/www.locoxelrojo.com\/independiente\/wp-json\/wp\/v2\/categories?post=12285"},{"taxonomy":"post_tag","embeddable":true,"href":"https:\/\/www.locoxelrojo.com\/independiente\/wp-json\/wp\/v2\/tags?post=12285"}],"curies":[{"name":"wp","href":"https:\/\/api.w.org\/{rel}","templated":true}]}}