{"id":12288,"date":"2011-10-28T14:26:08","date_gmt":"2011-10-28T17:26:08","guid":{"rendered":"http:\/\/www.locoxelrojo.com.ar\/independiente\/?p=12288"},"modified":"2011-10-28T14:27:20","modified_gmt":"2011-10-28T17:27:20","slug":"sin-sorpresas","status":"publish","type":"post","link":"https:\/\/www.locoxelrojo.com\/independiente\/2011\/10\/28\/sin-sorpresas\/","title":{"rendered":"Sin sorpresas"},"content":{"rendered":"<p><a href=\"http:\/\/www.locoxelrojo.com.ar\/independiente\/wp-content\/uploads\/2011\/10\/leonel_nu\u00f1ez1.gif\"><img loading=\"lazy\" class=\"alignnone size-full wp-image-12289\" title=\"leonel_nu\u00f1ez\" src=\"http:\/\/www.locoxelrojo.com.ar\/independiente\/wp-content\/uploads\/2011\/10\/leonel_nu\u00f1ez1.gif\" alt=\"\" width=\"590\" height=\"315\" srcset=\"https:\/\/locoxelrojo.com\/independiente\/wp-content\/uploads\/2011\/10\/leonel_nu\u00f1ez1.gif 590w, https:\/\/locoxelrojo.com\/independiente\/wp-content\/uploads\/2011\/10\/leonel_nu\u00f1ez1-300x160.gif 300w\" sizes=\"(max-width: 590px) 100vw, 590px\" \/><\/a><\/p>\n<p>Ram\u00f3n confirm\u00f3 ayer en conferencia de prensa los 11 titulares para enfrentar a Arsenal de Sarand\u00ed. Marco P\u00e9rez reemplazar\u00e1 a Facundo Parra pero adem\u00e1s retornar\u00e1 Cristian Pellerano luego de su sobrecargamuscular. Por otro lado, Juli\u00e1n Vel\u00e1zquez podr\u00e1 jugar por el art\u00edculo 225 debido que Lucas Villafa\u00f1ez se encuentra con el Sub20 en Guadalajara disputando el Panamericano.<\/p>\n<p>Independiente ir\u00e1 frente a Arsenal de Sarand\u00ed con <strong>Fabi\u00e1n\u00a0Assmann; Juli\u00e1nVel\u00e1zquez, Eduardo Tuzzio, Gabriel Milito, Adri\u00e1n Argach\u00e1; Fernando Godoy, Cristian Pellerano; Mat\u00edas Defederico, Leonel N\u00fa\u00f1ez, Patricio Rodr\u00edguez y MarcoP\u00e9rez.<\/strong><\/p>\n<p>El Rojo apenas suma 3 victorias sobre 6 partidos jugados en el Libertadores de Am\u00e9rica. De local, son 5 los goles a favor y 5 los goles en contra. Independiente saldr\u00e1 a la cancha con 5 goles -2 de Marco P\u00e9rez, otros 2 de Nu\u00f1ez y 1 de Cristian Pellerano-.<\/p>\n","protected":false},"excerpt":{"rendered":"<p>Ram\u00f3n confirm\u00f3 ayer en conferencia de prensa los 11 titulares para enfrentar a Arsenal de Sarand\u00ed. Marco P\u00e9rez reemplazar\u00e1 a Facundo Parra pero adem\u00e1s retornar\u00e1 Cristian Pellerano luego de su sobrecargamuscular. Por otro lado, Juli\u00e1n Vel\u00e1zquez podr\u00e1 jugar por el art\u00edculo 225 debido que Lucas Villafa\u00f1ez se encuentra con el Sub20 en Guadalajara disputando el [&hellip;]<\/p>\n","protected":false},"author":1,"featured_media":0,"comment_status":"open","ping_status":"open","sticky":false,"template":"","format":"standard","meta":{"_links_to":"","_links_to_target":""},"categories":[3,1],"tags":[1099,153,974],"_links":{"self":[{"href":"https:\/\/www.locoxelrojo.com\/independiente\/wp-json\/wp\/v2\/posts\/12288"}],"collection":[{"href":"https:\/\/www.locoxelrojo.com\/independiente\/wp-json\/wp\/v2\/posts"}],"about":[{"href":"https:\/\/www.locoxelrojo.com\/independiente\/wp-json\/wp\/v2\/types\/post"}],"author":[{"embeddable":true,"href":"https:\/\/www.locoxelrojo.com\/independiente\/wp-json\/wp\/v2\/users\/1"}],"replies":[{"embeddable":true,"href":"https:\/\/www.locoxelrojo.com\/independiente\/wp-json\/wp\/v2\/comments?post=12288"}],"version-history":[{"count":0,"href":"https:\/\/www.locoxelrojo.com\/independiente\/wp-json\/wp\/v2\/posts\/12288\/revisions"}],"wp:attachment":[{"href":"https:\/\/www.locoxelrojo.com\/independiente\/wp-json\/wp\/v2\/media?parent=12288"}],"wp:term":[{"taxonomy":"category","embeddable":true,"href":"https:\/\/www.locoxelrojo.com\/independiente\/wp-json\/wp\/v2\/categories?post=12288"},{"taxonomy":"post_tag","embeddable":true,"href":"https:\/\/www.locoxelrojo.com\/independiente\/wp-json\/wp\/v2\/tags?post=12288"}],"curies":[{"name":"wp","href":"https:\/\/api.w.org\/{rel}","templated":true}]}}