{"id":12297,"date":"2011-10-29T23:10:58","date_gmt":"2011-10-30T02:10:58","guid":{"rendered":"http:\/\/www.locoxelrojo.com.ar\/independiente\/?p=12297"},"modified":"2015-09-18T23:29:46","modified_gmt":"2015-09-19T02:29:46","slug":"ficha-del-partido-vs-arsenal-2","status":"publish","type":"post","link":"https:\/\/www.locoxelrojo.com\/independiente\/2011\/10\/29\/ficha-del-partido-vs-arsenal-2\/","title":{"rendered":"Ficha del partido vs. Arsenal"},"content":{"rendered":"<p><a href=\"http:\/\/www.locoxelrojo.com.ar\/independiente\/wp-content\/uploads\/2011\/10\/Independiente_Arsenal.gif\"><img loading=\"lazy\" class=\"alignnone size-full wp-image-12298\" title=\"Independiente_Arsenal\" src=\"http:\/\/www.locoxelrojo.com.ar\/independiente\/wp-content\/uploads\/2011\/10\/Independiente_Arsenal.gif\" alt=\"\" width=\"590\" height=\"315\" srcset=\"https:\/\/locoxelrojo.com\/independiente\/wp-content\/uploads\/2011\/10\/Independiente_Arsenal.gif 590w, https:\/\/locoxelrojo.com\/independiente\/wp-content\/uploads\/2011\/10\/Independiente_Arsenal-300x160.gif 300w\" sizes=\"(max-width: 590px) 100vw, 590px\" \/><\/a><\/p>\n<p><strong>Independiente (0):<\/strong> Fabi\u00e1n Assmann; Juli\u00e1n Vel\u00e1zquez, Eduardo Tuzzio, Gabriel Milito, Adri\u00e1n Argach\u00e1; Fernando Godoy, Cristian Pellerano; Mat\u00edas Defederico, Patricio Rodr\u00edguez; Leonel N\u00fa\u00f1ez y Marco P\u00e9re&lt;. DT:\u00a0Ram\u00f3n D\u00edaz.<\/p>\n<p><strong>Arsenal (0):<\/strong> Cristian Campestrini; Danilo Gerlo, Lisandro L\u00f3pez, V\u00edctor Cuesta, Dami\u00e1n P\u00e9rez; Diego Torres, Iv\u00e1n Marcone, Juan Manuel Cobo, Nicol\u00e1s Aguirre; Gustavo Blanco Leschuk y Mauro \u00d3bolo. DT:\u00a0Gustavo Alfaro.<\/p>\n<p><strong>Goles:<\/strong> No hubo.<\/p>\n<p><strong>Cambios:\u00a0<\/strong>0&#8242; ST Diego Chur\u00edn por L. N\u00fa\u00f1ez (I), 19&#8242; Juan Pablo Caffa por Cobo (A), 26&#8242; Emilio Zelaya por Blanco Leschuk (A), 27&#8242; Facundo Parra por M. P\u00e9rez (I), 35&#8242; Adri\u00e1n Gonz\u00e1lez por Torres (A), 36&#8242; Nicol\u00e1s Cabrera por P. Rodr\u00edguez (I).<\/p>\n<p><strong>Amonestados:<\/strong> 34&#8242; PT L. L\u00f3pez (A), 3&#8242; ST Aguirre (A), 24&#8242; ST Pellerano (I) y 45&#8242; ST Tuzzio (I).<\/p>\n<p><strong>Expulsados:<\/strong> No hubo.<\/p>\n<p><strong>\u00c1rbitro:<\/strong> Sergio Pezzotta.<\/p>\n<p><strong>Estadio:<\/strong> Libertadores de Am\u00e9rica.<\/p>\n","protected":false},"excerpt":{"rendered":"<p>Independiente (0): Fabi\u00e1n Assmann; Juli\u00e1n Vel\u00e1zquez, Eduardo Tuzzio, Gabriel Milito, Adri\u00e1n Argach\u00e1; Fernando Godoy, Cristian Pellerano; Mat\u00edas Defederico, Patricio Rodr\u00edguez; Leonel N\u00fa\u00f1ez y Marco P\u00e9re&lt;. DT:\u00a0Ram\u00f3n D\u00edaz. Arsenal (0): Cristian Campestrini; Danilo Gerlo, Lisandro L\u00f3pez, V\u00edctor Cuesta, Dami\u00e1n P\u00e9rez; Diego Torres, Iv\u00e1n Marcone, Juan Manuel Cobo, Nicol\u00e1s Aguirre; Gustavo Blanco Leschuk y Mauro \u00d3bolo. DT:\u00a0Gustavo [&hellip;]<\/p>\n","protected":false},"author":11,"featured_media":0,"comment_status":"open","ping_status":"open","sticky":false,"template":"","format":"standard","meta":{"_links_to":"","_links_to_target":""},"categories":[1988,3,1],"tags":[972,1099,153,295,200],"_links":{"self":[{"href":"https:\/\/www.locoxelrojo.com\/independiente\/wp-json\/wp\/v2\/posts\/12297"}],"collection":[{"href":"https:\/\/www.locoxelrojo.com\/independiente\/wp-json\/wp\/v2\/posts"}],"about":[{"href":"https:\/\/www.locoxelrojo.com\/independiente\/wp-json\/wp\/v2\/types\/post"}],"author":[{"embeddable":true,"href":"https:\/\/www.locoxelrojo.com\/independiente\/wp-json\/wp\/v2\/users\/11"}],"replies":[{"embeddable":true,"href":"https:\/\/www.locoxelrojo.com\/independiente\/wp-json\/wp\/v2\/comments?post=12297"}],"version-history":[{"count":0,"href":"https:\/\/www.locoxelrojo.com\/independiente\/wp-json\/wp\/v2\/posts\/12297\/revisions"}],"wp:attachment":[{"href":"https:\/\/www.locoxelrojo.com\/independiente\/wp-json\/wp\/v2\/media?parent=12297"}],"wp:term":[{"taxonomy":"category","embeddable":true,"href":"https:\/\/www.locoxelrojo.com\/independiente\/wp-json\/wp\/v2\/categories?post=12297"},{"taxonomy":"post_tag","embeddable":true,"href":"https:\/\/www.locoxelrojo.com\/independiente\/wp-json\/wp\/v2\/tags?post=12297"}],"curies":[{"name":"wp","href":"https:\/\/api.w.org\/{rel}","templated":true}]}}