{"id":123,"date":"2010-08-18T01:36:01","date_gmt":"2010-08-18T01:36:01","guid":{"rendered":"http:\/\/www.locoxelrojo.com.ar\/independiente\/?p=123"},"modified":"2015-09-08T21:48:16","modified_gmt":"2015-09-09T00:48:16","slug":"pensando-en-argentinos","status":"publish","type":"post","link":"https:\/\/www.locoxelrojo.com\/independiente\/2010\/08\/18\/pensando-en-argentinos\/","title":{"rendered":"Pensando en Argentinos"},"content":{"rendered":"<p><a href=\"http:\/\/www.locoxelrojo.com.ar\/independiente\/wp-content\/uploads\/2010\/08\/battion-tuzzio.jpg\"><img loading=\"lazy\" class=\"alignnone size-full wp-image-124\" title=\"battion-tuzzio\" src=\"http:\/\/www.locoxelrojo.com.ar\/independiente\/wp-content\/uploads\/2010\/08\/battion-tuzzio.jpg\" alt=\"\" width=\"550\" height=\"315\" srcset=\"https:\/\/locoxelrojo.com\/independiente\/wp-content\/uploads\/2010\/08\/battion-tuzzio.jpg 550w, https:\/\/locoxelrojo.com\/independiente\/wp-content\/uploads\/2010\/08\/battion-tuzzio-300x171.jpg 300w\" sizes=\"(max-width: 550px) 100vw, 550px\" \/><\/a><\/p>\n<p>El Dt Daniel Garnero ya tiene en mente un equipo para enfrentar a Argentinos. Hern\u00e1n Fredes es la \u00fanica duda por una sobrecarga muscular. Se lo va a esperar hasta \u00faltimo momento, sino su lugar ser\u00e1 ocupado por Pellerano. Galeano y Batti\u00f3n trabajaron en forma diferenciada por precauci\u00f3n, pero ambos ser\u00e1n titulares.<\/p>\n<p>En el ensay\u00f3 del d\u00eda martes, Fredes jug\u00f3 para los titulares por lo que parec\u00eda que le hab\u00eda ganado la pulseada en el doble cinco a Pellerano. Pero en dicha pr\u00e1ctica se retir\u00f3 antes de que finalice por una sobrecarga muscular. Durante el resto de la semana trabajo en forma diferenciada, pero en la mente de Garnero, Fredes es el acompa\u00f1ante de Batti\u00f3n en el mediocampo ya que le dar\u00eda al equipo m\u00e1s volumen de juego.<\/p>\n<p>Otros que se sumaron al trabajo diferenciado fueron Galeano y Batti\u00f3n, pero ambos ser\u00e1n titulares. Galeano jugar\u00e1 reemplazando a Juli\u00e1n Velazquez, expulsado frente a V\u00e9lez.<\/p>\n<p>Por otra parte, Garnero decidi\u00f3 el ingreso del periodismo para despu\u00e9s de las 11 AM, por lo que se especula que estuvieron realizando trabajos de pelota parada.<\/p>\n<p>El probable equipo para recibir en el Libertadores de Am\u00e9rica al Bicho de la Paternal ser\u00eda: <strong>Gabbarini; Valles, Galeano, Tuzzio, Mareque; Batti\u00f3n, Fredes o Pellerano; Mancuello, Graci\u00e1n; Pacheco y Silvera<\/strong>.<\/p>\n","protected":false},"excerpt":{"rendered":"<p>El Dt Daniel Garnero ya tiene en mente un equipo para enfrentar a Argentinos. Hern\u00e1n Fredes es la \u00fanica duda por una sobrecarga muscular. Se lo va a esperar hasta \u00faltimo momento, sino su lugar ser\u00e1 ocupado por Pellerano. Galeano y Batti\u00f3n trabajaron en forma diferenciada por precauci\u00f3n, pero ambos ser\u00e1n titulares. En el ensay\u00f3 [&hellip;]<\/p>\n","protected":false},"author":1,"featured_media":0,"comment_status":"open","ping_status":"open","sticky":false,"template":"","format":"standard","meta":{"_links_to":"","_links_to_target":""},"categories":[3,1],"tags":[163,30,26,71,32,60,31,172],"_links":{"self":[{"href":"https:\/\/www.locoxelrojo.com\/independiente\/wp-json\/wp\/v2\/posts\/123"}],"collection":[{"href":"https:\/\/www.locoxelrojo.com\/independiente\/wp-json\/wp\/v2\/posts"}],"about":[{"href":"https:\/\/www.locoxelrojo.com\/independiente\/wp-json\/wp\/v2\/types\/post"}],"author":[{"embeddable":true,"href":"https:\/\/www.locoxelrojo.com\/independiente\/wp-json\/wp\/v2\/users\/1"}],"replies":[{"embeddable":true,"href":"https:\/\/www.locoxelrojo.com\/independiente\/wp-json\/wp\/v2\/comments?post=123"}],"version-history":[{"count":0,"href":"https:\/\/www.locoxelrojo.com\/independiente\/wp-json\/wp\/v2\/posts\/123\/revisions"}],"wp:attachment":[{"href":"https:\/\/www.locoxelrojo.com\/independiente\/wp-json\/wp\/v2\/media?parent=123"}],"wp:term":[{"taxonomy":"category","embeddable":true,"href":"https:\/\/www.locoxelrojo.com\/independiente\/wp-json\/wp\/v2\/categories?post=123"},{"taxonomy":"post_tag","embeddable":true,"href":"https:\/\/www.locoxelrojo.com\/independiente\/wp-json\/wp\/v2\/tags?post=123"}],"curies":[{"name":"wp","href":"https:\/\/api.w.org\/{rel}","templated":true}]}}