{"id":12308,"date":"2011-10-29T23:40:53","date_gmt":"2011-10-30T02:40:53","guid":{"rendered":"http:\/\/www.locoxelrojo.com.ar\/independiente\/?p=12308"},"modified":"2015-09-18T23:32:15","modified_gmt":"2015-09-19T02:32:15","slug":"fredes-cuando-se-abra-el-arco-va-a-cambiar-la-cosa","status":"publish","type":"post","link":"https:\/\/www.locoxelrojo.com\/independiente\/2011\/10\/29\/fredes-cuando-se-abra-el-arco-va-a-cambiar-la-cosa\/","title":{"rendered":"Fredes: &#8220;Cuando se abra el arco va a cambiar la cosa&#8221;"},"content":{"rendered":"<p><a href=\"http:\/\/www.locoxelrojo.com.ar\/independiente\/wp-content\/uploads\/2011\/10\/Hernan_Fredes.jpg\"><img loading=\"lazy\" class=\"alignnone size-full wp-image-12309\" title=\"Hernan_Fredes\" src=\"http:\/\/www.locoxelrojo.com.ar\/independiente\/wp-content\/uploads\/2011\/10\/Hernan_Fredes.jpg\" alt=\"\" width=\"590\" height=\"315\" srcset=\"https:\/\/locoxelrojo.com\/independiente\/wp-content\/uploads\/2011\/10\/Hernan_Fredes.jpg 590w, https:\/\/locoxelrojo.com\/independiente\/wp-content\/uploads\/2011\/10\/Hernan_Fredes-300x160.jpg 300w\" sizes=\"(max-width: 590px) 100vw, 590px\" \/><\/a><\/p>\n<p>Luego del partido, en zona de vestuarios y sin poder formar parte del plantel profesional por una contractura en el gemelo izquierdo, <strong>Hernan Fredes<\/strong> se detuvo a hacer su an\u00e1lisis del partido. <strong>&#8220;Por momentos se jug\u00f3 bien, lo que m\u00e1s rescato es que tuvimos la mayor cantidad de tiempo la pelota&#8221;<\/strong>, destac\u00f3 el diestro.<\/p>\n<p>Luego a\u00f1adi\u00f3 que <strong>&#8220;tratamos de buscarlo pero ellos se cerraron muy bien e hicieron su juego con el pelotazo a Obolo<\/strong>&#8220;. Fredes lament\u00f3 la situaci\u00f3n y reconoci\u00f3 que<strong> &#8220;fue un partido muy dif\u00edcil&#8221;<\/strong>. Desde su punto de vista, es necesario abrir el arco cuanto antes. \u00a0&#8220;<strong>Nos est\u00e1 faltando la suerte de meterla. Cuando se abra el arco va a cambiar la cosa&#8221;<\/strong>, advirti\u00f3.<\/p>\n<p>Por \u00faltimo, se refiri\u00f3 a su lesi\u00f3n.<strong> &#8220;Hay que ver el lunes como vuelvo a los entrenamientos, si estoy bien y si puedo entrenar con normalidad. No s\u00e9 lo que va a decidir Ram\u00f3n pero le toque a quien le toque esto no es grato para ninguno. Vamos a salir adelante<\/strong>&#8220;, prometi\u00f3.<\/p>\n","protected":false},"excerpt":{"rendered":"<p>Luego del partido, en zona de vestuarios y sin poder formar parte del plantel profesional por una contractura en el gemelo izquierdo, Hernan Fredes se detuvo a hacer su an\u00e1lisis del partido. &#8220;Por momentos se jug\u00f3 bien, lo que m\u00e1s rescato es que tuvimos la mayor cantidad de tiempo la pelota&#8221;, destac\u00f3 el diestro. Luego [&hellip;]<\/p>\n","protected":false},"author":1,"featured_media":0,"comment_status":"open","ping_status":"open","sticky":false,"template":"","format":"standard","meta":{"_links_to":"","_links_to_target":""},"categories":[3,1],"tags":[543,153,71,974],"_links":{"self":[{"href":"https:\/\/www.locoxelrojo.com\/independiente\/wp-json\/wp\/v2\/posts\/12308"}],"collection":[{"href":"https:\/\/www.locoxelrojo.com\/independiente\/wp-json\/wp\/v2\/posts"}],"about":[{"href":"https:\/\/www.locoxelrojo.com\/independiente\/wp-json\/wp\/v2\/types\/post"}],"author":[{"embeddable":true,"href":"https:\/\/www.locoxelrojo.com\/independiente\/wp-json\/wp\/v2\/users\/1"}],"replies":[{"embeddable":true,"href":"https:\/\/www.locoxelrojo.com\/independiente\/wp-json\/wp\/v2\/comments?post=12308"}],"version-history":[{"count":0,"href":"https:\/\/www.locoxelrojo.com\/independiente\/wp-json\/wp\/v2\/posts\/12308\/revisions"}],"wp:attachment":[{"href":"https:\/\/www.locoxelrojo.com\/independiente\/wp-json\/wp\/v2\/media?parent=12308"}],"wp:term":[{"taxonomy":"category","embeddable":true,"href":"https:\/\/www.locoxelrojo.com\/independiente\/wp-json\/wp\/v2\/categories?post=12308"},{"taxonomy":"post_tag","embeddable":true,"href":"https:\/\/www.locoxelrojo.com\/independiente\/wp-json\/wp\/v2\/tags?post=12308"}],"curies":[{"name":"wp","href":"https:\/\/api.w.org\/{rel}","templated":true}]}}