{"id":123090,"date":"2025-01-03T19:51:17","date_gmt":"2025-01-03T22:51:17","guid":{"rendered":"https:\/\/www.locoxelrojo.com\/independiente\/?p=123090"},"modified":"2025-01-03T19:51:17","modified_gmt":"2025-01-03T22:51:17","slug":"galdames-es-el-tercer-refuerzo-de-independiente","status":"publish","type":"post","link":"https:\/\/www.locoxelrojo.com\/independiente\/2025\/01\/03\/galdames-es-el-tercer-refuerzo-de-independiente\/","title":{"rendered":"Galdames es el tercer refuerzo de Independiente"},"content":{"rendered":"<p><strong>Pablo Galdames<\/strong> se convirti\u00f3 oficialmente en el tercer refuerzo de Independiente.<\/p>\n<p>Ya comenzado el 2025, el Rojo abroch\u00f3 otra cara nueva para el equipo de Julio Vaccari. <strong>El volante de 28 a\u00f1os lleg\u00f3 libre tras su paso por Vasco Da Gama y firm\u00f3 contrato por 2 a\u00f1os, hasta diciembre de 2026.<\/strong><\/p>\n<p>El chileno, con pasado en Selecci\u00f3n y que conoce el f\u00fatbol argentino por su etapa en V\u00e9lez. El a\u00f1o pasado, entre su estad\u00eda en el G\u00e9nova de Italia y el f\u00fatbol brasilero <strong>jug\u00f3 34 partidos, 2 goles, 5 asistencias y complet\u00f3 2.155 minutos<\/strong>. Puede jugar tanto de volante central, como de volante interno.<\/p>\n<p><strong>As\u00ed lo present\u00f3 el Rey de Copas:<\/strong><\/p>\n<blockquote class=\"twitter-tweet\">\n<p dir=\"ltr\" lang=\"es\">Pablo Galdames es refuerzo de <a href=\"https:\/\/twitter.com\/hashtag\/Independiente?src=hash&amp;ref_src=twsrc%5Etfw\">#Independiente<\/a>.<\/p>\n<p>El volante llega en condici\u00f3n de libre y con \u00faltimo paso por Vasco Da Gama. Firm\u00f3 contrato hasta diciembre de 2026.<\/p>\n<p>\u00a1Bienvenido, Chileno! <a href=\"https:\/\/twitter.com\/hashtag\/TodoRojo?src=hash&amp;ref_src=twsrc%5Etfw\">#TodoRojo<\/a> <a href=\"https:\/\/t.co\/96gV0NtY7U\">pic.twitter.com\/96gV0NtY7U<\/a><\/p>\n<p>\u2014 C. A. Independiente (@Independiente) <a href=\"https:\/\/twitter.com\/Independiente\/status\/1875241182542110829?ref_src=twsrc%5Etfw\">January 3, 2025<\/a><\/p><\/blockquote>\n<p><script async src=\"https:\/\/platform.twitter.com\/widgets.js\" charset=\"utf-8\"><\/script><\/p>\n","protected":false},"excerpt":{"rendered":"<p>Pablo Galdames se convirti\u00f3 oficialmente en el tercer refuerzo de Independiente. Ya comenzado el 2025, el Rojo abroch\u00f3 otra cara nueva para el equipo de Julio Vaccari. El volante de 28 a\u00f1os lleg\u00f3 libre tras su paso por Vasco Da Gama y firm\u00f3 contrato por 2 a\u00f1os, hasta diciembre de 2026. El chileno, con pasado [&hellip;]<\/p>\n","protected":false},"author":101039,"featured_media":123092,"comment_status":"open","ping_status":"closed","sticky":false,"template":"","format":"standard","meta":{"_links_to":"","_links_to_target":""},"categories":[3247,3],"tags":[153,4918],"_links":{"self":[{"href":"https:\/\/www.locoxelrojo.com\/independiente\/wp-json\/wp\/v2\/posts\/123090"}],"collection":[{"href":"https:\/\/www.locoxelrojo.com\/independiente\/wp-json\/wp\/v2\/posts"}],"about":[{"href":"https:\/\/www.locoxelrojo.com\/independiente\/wp-json\/wp\/v2\/types\/post"}],"author":[{"embeddable":true,"href":"https:\/\/www.locoxelrojo.com\/independiente\/wp-json\/wp\/v2\/users\/101039"}],"replies":[{"embeddable":true,"href":"https:\/\/www.locoxelrojo.com\/independiente\/wp-json\/wp\/v2\/comments?post=123090"}],"version-history":[{"count":2,"href":"https:\/\/www.locoxelrojo.com\/independiente\/wp-json\/wp\/v2\/posts\/123090\/revisions"}],"predecessor-version":[{"id":123093,"href":"https:\/\/www.locoxelrojo.com\/independiente\/wp-json\/wp\/v2\/posts\/123090\/revisions\/123093"}],"wp:featuredmedia":[{"embeddable":true,"href":"https:\/\/www.locoxelrojo.com\/independiente\/wp-json\/wp\/v2\/media\/123092"}],"wp:attachment":[{"href":"https:\/\/www.locoxelrojo.com\/independiente\/wp-json\/wp\/v2\/media?parent=123090"}],"wp:term":[{"taxonomy":"category","embeddable":true,"href":"https:\/\/www.locoxelrojo.com\/independiente\/wp-json\/wp\/v2\/categories?post=123090"},{"taxonomy":"post_tag","embeddable":true,"href":"https:\/\/www.locoxelrojo.com\/independiente\/wp-json\/wp\/v2\/tags?post=123090"}],"curies":[{"name":"wp","href":"https:\/\/api.w.org\/{rel}","templated":true}]}}