{"id":12318,"date":"2011-10-30T00:53:47","date_gmt":"2011-10-30T03:53:47","guid":{"rendered":"http:\/\/www.locoxelrojo.com.ar\/independiente\/?p=12318"},"modified":"2015-09-18T23:32:44","modified_gmt":"2015-09-19T02:32:44","slug":"ramon-diaz-tenemos-que-armarnos-de-mitad-de-cancha-para-adelante","status":"publish","type":"post","link":"https:\/\/www.locoxelrojo.com\/independiente\/2011\/10\/30\/ramon-diaz-tenemos-que-armarnos-de-mitad-de-cancha-para-adelante\/","title":{"rendered":"Ram\u00f3n D\u00edaz: &#8220;Tenemos que armarnos de mitad de cancha para adelante&#8221;"},"content":{"rendered":"<p><a href=\"http:\/\/www.locoxelrojo.com.ar\/independiente\/wp-content\/uploads\/2011\/10\/ram\u00f3n_d\u00edaz.gif\"><img loading=\"lazy\" class=\"alignnone size-full wp-image-12319\" title=\"ram\u00f3n_d\u00edaz\" src=\"http:\/\/www.locoxelrojo.com.ar\/independiente\/wp-content\/uploads\/2011\/10\/ram\u00f3n_d\u00edaz.gif\" alt=\"\" width=\"590\" height=\"315\" srcset=\"https:\/\/locoxelrojo.com\/independiente\/wp-content\/uploads\/2011\/10\/ram\u00f3n_d\u00edaz.gif 590w, https:\/\/locoxelrojo.com\/independiente\/wp-content\/uploads\/2011\/10\/ram\u00f3n_d\u00edaz-300x160.gif 300w\" sizes=\"(max-width: 590px) 100vw, 590px\" \/><\/a><\/p>\n<p><strong>Ram\u00f3n D\u00edaz<\/strong> destac\u00f3 el comienzo del segundo tiempo y pidi\u00f3 el apoyo de la gente. Adem\u00e1s, destac\u00f3 que espera por la recuperaci\u00f3n de Hern\u00e1n Fredes. El Pelado volvi\u00f3 a advertir que har\u00e1 cambios para mejorar en lo ofensivo<strong>. &#8220;Tenemos que ser m\u00e1s intensos, m\u00e1s din\u00e1micos. No fue un buen partido y entiendo a la gente&#8221;<\/strong>, reflexion\u00f3 el entrenador en zona de vestuarios.<\/p>\n<p>Luego, a\u00f1adi\u00f3: <strong>&#8220;Estamos trabajando para tratar de revertir esta situacion, tenemos que armarnos de mitad de cancha para adelante&#8221;<\/strong>. Para esto, solicit\u00f3 el acompa\u00f1amiento de los hinchas.<strong> &#8220;Le pido a la gente que apoye \u00a0porque ellos est\u00e1n dando todo lo que tienen y me gusta que la gente los acompa\u00f1e&#8221;<\/strong>, dijo.<\/p>\n<p>Respecto al tr\u00e1mite del partido, D\u00edaz entendi\u00f3 que <strong>&#8220;se hace dif\u00edcil porque los equipos ya saben c\u00f3mo salimos y vamos a jugar&#8221;. <\/strong>Para revertir esto, prometi\u00f3 <strong>&#8220;hacer un par de modificaciones o planificar distinto en base a la intensidad y el dinamismo&#8221;<\/strong>. De todas formas, admiti\u00f3 que la Libertadores est\u00e1 cada vez m\u00e1s lejos. <strong>&#8220;Estamos lejos de la Copa pero quedan puntos por jugar y los vamos a intentar ganar&#8221;,<\/strong> prometi\u00f3.<\/p>\n<p>Por \u00faltimo, admiti\u00f3 que el equipo necesita de Hern\u00e1n Fredes cuanto antes. <strong>&#8220;Fredes tuvo una molestia con Banfield. El m\u00e9dico y todos nosotros trabajamos para que pueda estar el viernes&#8221;<\/strong>, concluy\u00f3.<\/p>\n","protected":false},"excerpt":{"rendered":"<p>Ram\u00f3n D\u00edaz destac\u00f3 el comienzo del segundo tiempo y pidi\u00f3 el apoyo de la gente. Adem\u00e1s, destac\u00f3 que espera por la recuperaci\u00f3n de Hern\u00e1n Fredes. El Pelado volvi\u00f3 a advertir que har\u00e1 cambios para mejorar en lo ofensivo. &#8220;Tenemos que ser m\u00e1s intensos, m\u00e1s din\u00e1micos. No fue un buen partido y entiendo a la gente&#8221;, [&hellip;]<\/p>\n","protected":false},"author":1,"featured_media":0,"comment_status":"open","ping_status":"open","sticky":false,"template":"","format":"standard","meta":{"_links_to":"","_links_to_target":""},"categories":[3,1],"tags":[543,153,500,974],"_links":{"self":[{"href":"https:\/\/www.locoxelrojo.com\/independiente\/wp-json\/wp\/v2\/posts\/12318"}],"collection":[{"href":"https:\/\/www.locoxelrojo.com\/independiente\/wp-json\/wp\/v2\/posts"}],"about":[{"href":"https:\/\/www.locoxelrojo.com\/independiente\/wp-json\/wp\/v2\/types\/post"}],"author":[{"embeddable":true,"href":"https:\/\/www.locoxelrojo.com\/independiente\/wp-json\/wp\/v2\/users\/1"}],"replies":[{"embeddable":true,"href":"https:\/\/www.locoxelrojo.com\/independiente\/wp-json\/wp\/v2\/comments?post=12318"}],"version-history":[{"count":0,"href":"https:\/\/www.locoxelrojo.com\/independiente\/wp-json\/wp\/v2\/posts\/12318\/revisions"}],"wp:attachment":[{"href":"https:\/\/www.locoxelrojo.com\/independiente\/wp-json\/wp\/v2\/media?parent=12318"}],"wp:term":[{"taxonomy":"category","embeddable":true,"href":"https:\/\/www.locoxelrojo.com\/independiente\/wp-json\/wp\/v2\/categories?post=12318"},{"taxonomy":"post_tag","embeddable":true,"href":"https:\/\/www.locoxelrojo.com\/independiente\/wp-json\/wp\/v2\/tags?post=12318"}],"curies":[{"name":"wp","href":"https:\/\/api.w.org\/{rel}","templated":true}]}}