{"id":123257,"date":"2025-01-11T11:31:21","date_gmt":"2025-01-11T14:31:21","guid":{"rendered":"https:\/\/www.locoxelrojo.com\/independiente\/?p=123257"},"modified":"2025-01-12T01:39:51","modified_gmt":"2025-01-12T04:39:51","slug":"fea-lesion-para-alan-laprida","status":"publish","type":"post","link":"https:\/\/www.locoxelrojo.com\/independiente\/2025\/01\/11\/fea-lesion-para-alan-laprida\/","title":{"rendered":"Fea lesi\u00f3n para Alan Laprida"},"content":{"rendered":"<p><strong>Alan Laprida sufri\u00f3 una fractura por stress en el quinto metatarsiano del pie derecho y deber\u00e1 ser operado.<\/strong><\/p>\n<p>El joven futbolista de Independiente, que hacia su primera pretemporada con la Primera, se convirti\u00f3 en baja tras confirmarse su lesi\u00f3n. <strong>El pr\u00f3ximo martes 14 de enero ser\u00e1 intervenido quir\u00fargicamente.<\/strong><\/p>\n<p>Luego, <strong>ser\u00e1n entre 2 y 3 meses de recuperaci\u00f3n<\/strong> para el juvenil de 20 a\u00f1os, que ten\u00eda la posibilidad de ganarse en estos d\u00edas de trabajos la confianza de Julio Vaccari.<\/p>\n<p>Hay que recordar que <strong>tiene contrato hasta diciembre 2027<\/strong>. \u00a1Fuerzas, Alan! A volver mejor.<\/p>\n<blockquote class=\"twitter-tweet\">\n<p dir=\"ltr\" lang=\"es\"> Parte m\u00e9dico: Alan Laprida.<\/p>\n<p>El jugador sufri\u00f3 una fractura por stress en el quinto metatarsiano del pie derecho. El pr\u00f3ximo martes ser\u00e1 intervenido quirurgicamente. <a href=\"https:\/\/t.co\/m5xy59rjdB\">pic.twitter.com\/m5xy59rjdB<\/a><\/p>\n<p>\u2014 C. A. Independiente (@Independiente) <a href=\"https:\/\/twitter.com\/Independiente\/status\/1878068866670018757?ref_src=twsrc%5Etfw\">January 11, 2025<\/a><\/p><\/blockquote>\n<p><script async src=\"https:\/\/platform.twitter.com\/widgets.js\" charset=\"utf-8\"><\/script><\/p>\n","protected":false},"excerpt":{"rendered":"<p>Alan Laprida sufri\u00f3 una fractura por stress en el quinto metatarsiano del pie derecho y deber\u00e1 ser operado. El joven futbolista de Independiente, que hacia su primera pretemporada con la Primera, se convirti\u00f3 en baja tras confirmarse su lesi\u00f3n. El pr\u00f3ximo martes 14 de enero ser\u00e1 intervenido quir\u00fargicamente. Luego, ser\u00e1n entre 2 y 3 meses [&hellip;]<\/p>\n","protected":false},"author":101039,"featured_media":121948,"comment_status":"open","ping_status":"closed","sticky":false,"template":"","format":"standard","meta":{"_links_to":"","_links_to_target":""},"categories":[3247,3],"tags":[5384,153],"_links":{"self":[{"href":"https:\/\/www.locoxelrojo.com\/independiente\/wp-json\/wp\/v2\/posts\/123257"}],"collection":[{"href":"https:\/\/www.locoxelrojo.com\/independiente\/wp-json\/wp\/v2\/posts"}],"about":[{"href":"https:\/\/www.locoxelrojo.com\/independiente\/wp-json\/wp\/v2\/types\/post"}],"author":[{"embeddable":true,"href":"https:\/\/www.locoxelrojo.com\/independiente\/wp-json\/wp\/v2\/users\/101039"}],"replies":[{"embeddable":true,"href":"https:\/\/www.locoxelrojo.com\/independiente\/wp-json\/wp\/v2\/comments?post=123257"}],"version-history":[{"count":1,"href":"https:\/\/www.locoxelrojo.com\/independiente\/wp-json\/wp\/v2\/posts\/123257\/revisions"}],"predecessor-version":[{"id":123258,"href":"https:\/\/www.locoxelrojo.com\/independiente\/wp-json\/wp\/v2\/posts\/123257\/revisions\/123258"}],"wp:featuredmedia":[{"embeddable":true,"href":"https:\/\/www.locoxelrojo.com\/independiente\/wp-json\/wp\/v2\/media\/121948"}],"wp:attachment":[{"href":"https:\/\/www.locoxelrojo.com\/independiente\/wp-json\/wp\/v2\/media?parent=123257"}],"wp:term":[{"taxonomy":"category","embeddable":true,"href":"https:\/\/www.locoxelrojo.com\/independiente\/wp-json\/wp\/v2\/categories?post=123257"},{"taxonomy":"post_tag","embeddable":true,"href":"https:\/\/www.locoxelrojo.com\/independiente\/wp-json\/wp\/v2\/tags?post=123257"}],"curies":[{"name":"wp","href":"https:\/\/api.w.org\/{rel}","templated":true}]}}