{"id":123269,"date":"2025-01-14T16:08:55","date_gmt":"2025-01-14T19:08:55","guid":{"rendered":"https:\/\/www.locoxelrojo.com\/independiente\/?p=123269"},"modified":"2025-01-14T16:08:55","modified_gmt":"2025-01-14T19:08:55","slug":"blazquez-es-el-sexto-refuerzo-de-independiente","status":"publish","type":"post","link":"https:\/\/www.locoxelrojo.com\/independiente\/2025\/01\/14\/blazquez-es-el-sexto-refuerzo-de-independiente\/","title":{"rendered":"Bl\u00e1zquez es el sexto refuerzo de Independiente"},"content":{"rendered":"<p><strong>Joaqu\u00edn Bl\u00e1zquez se convirti\u00f3 oficialmente en el sexto refuerzo de Independiente en este mercado de pases.<\/strong><\/p>\n<p><strong>El arquero de 23 a\u00f1os llega a pr\u00e9stamo desde Talleres por 1 a\u00f1o, sin cargo y con una opci\u00f3n de compra de 650.000 d\u00f3lares por el 50% de su pase.<\/strong> Tiene pasado en las juveniles de la Selecci\u00f3n Argentina.<\/p>\n<p><strong>Con 1.93 metros de altura, el cordob\u00e9s debut\u00f3 en la T en 2020, donde lleg\u00f3 a disputar 4 partidos<\/strong>, luego de volver de un pr\u00e9stamo en Valencia. Tras volver a perder lugar, <strong>fue cedido al Stade Brestois de Francia, donde ataj\u00f3 en 3 encuentros.<\/strong><\/p>\n<p><strong>Durante el 2024<\/strong> pas\u00f3 el primer semestre a pr\u00e9stamo en Platense y el segundo de vuelta en Talleres. <strong>No sum\u00f3 minutos en ninguno de los clubes.<\/strong><\/p>\n<p><strong>As\u00ed lo present\u00f3 el Rojo:<\/strong><\/p>\n<blockquote class=\"twitter-tweet\">\n<p dir=\"ltr\" lang=\"es\">\u00a1Un nuevo guardi\u00e1n para el arco de <a href=\"https:\/\/twitter.com\/hashtag\/Independiente?src=hash&amp;ref_src=twsrc%5Etfw\">#Independiente<\/a>!<\/p>\n<p>Joaqu\u00edn Bl\u00e1zquez ya firm\u00f3 su contrato por un a\u00f1o. Llega a pr\u00e9stamo desde Talleres, sin cargo y con opci\u00f3n de compra por el 50% del pase.<\/p>\n<p>\u00a1Bienvenido al Rey de Copas!<a href=\"https:\/\/twitter.com\/hashtag\/TodoRojo?src=hash&amp;ref_src=twsrc%5Etfw\">#TodoRojo<\/a>  <a href=\"https:\/\/t.co\/R6XX1WL96I\">pic.twitter.com\/R6XX1WL96I<\/a><\/p>\n<p>\u2014 C. A. Independiente (@Independiente) <a href=\"https:\/\/twitter.com\/Independiente\/status\/1879198808065909074?ref_src=twsrc%5Etfw\">January 14, 2025<\/a><\/p><\/blockquote>\n<p><script async src=\"https:\/\/platform.twitter.com\/widgets.js\" charset=\"utf-8\"><\/script><\/p>\n","protected":false},"excerpt":{"rendered":"<p>Joaqu\u00edn Bl\u00e1zquez se convirti\u00f3 oficialmente en el sexto refuerzo de Independiente en este mercado de pases. El arquero de 23 a\u00f1os llega a pr\u00e9stamo desde Talleres por 1 a\u00f1o, sin cargo y con una opci\u00f3n de compra de 650.000 d\u00f3lares por el 50% de su pase. Tiene pasado en las juveniles de la Selecci\u00f3n Argentina. [&hellip;]<\/p>\n","protected":false},"author":101037,"featured_media":123302,"comment_status":"open","ping_status":"closed","sticky":false,"template":"","format":"standard","meta":{"_links_to":"","_links_to_target":""},"categories":[3247,3],"tags":[153,5762,529],"_links":{"self":[{"href":"https:\/\/www.locoxelrojo.com\/independiente\/wp-json\/wp\/v2\/posts\/123269"}],"collection":[{"href":"https:\/\/www.locoxelrojo.com\/independiente\/wp-json\/wp\/v2\/posts"}],"about":[{"href":"https:\/\/www.locoxelrojo.com\/independiente\/wp-json\/wp\/v2\/types\/post"}],"author":[{"embeddable":true,"href":"https:\/\/www.locoxelrojo.com\/independiente\/wp-json\/wp\/v2\/users\/101037"}],"replies":[{"embeddable":true,"href":"https:\/\/www.locoxelrojo.com\/independiente\/wp-json\/wp\/v2\/comments?post=123269"}],"version-history":[{"count":2,"href":"https:\/\/www.locoxelrojo.com\/independiente\/wp-json\/wp\/v2\/posts\/123269\/revisions"}],"predecessor-version":[{"id":123303,"href":"https:\/\/www.locoxelrojo.com\/independiente\/wp-json\/wp\/v2\/posts\/123269\/revisions\/123303"}],"wp:featuredmedia":[{"embeddable":true,"href":"https:\/\/www.locoxelrojo.com\/independiente\/wp-json\/wp\/v2\/media\/123302"}],"wp:attachment":[{"href":"https:\/\/www.locoxelrojo.com\/independiente\/wp-json\/wp\/v2\/media?parent=123269"}],"wp:term":[{"taxonomy":"category","embeddable":true,"href":"https:\/\/www.locoxelrojo.com\/independiente\/wp-json\/wp\/v2\/categories?post=123269"},{"taxonomy":"post_tag","embeddable":true,"href":"https:\/\/www.locoxelrojo.com\/independiente\/wp-json\/wp\/v2\/tags?post=123269"}],"curies":[{"name":"wp","href":"https:\/\/api.w.org\/{rel}","templated":true}]}}