{"id":123287,"date":"2025-01-13T13:13:40","date_gmt":"2025-01-13T16:13:40","guid":{"rendered":"https:\/\/www.locoxelrojo.com\/independiente\/?p=123287"},"modified":"2025-01-14T02:26:23","modified_gmt":"2025-01-14T05:26:23","slug":"maestro-puch-firmo-su-renovacion","status":"publish","type":"post","link":"https:\/\/www.locoxelrojo.com\/independiente\/2025\/01\/13\/maestro-puch-firmo-su-renovacion\/","title":{"rendered":"Maestro Puch firm\u00f3 su renovaci\u00f3n"},"content":{"rendered":"<p><strong>Ignacio Maestro Puch<\/strong> le puso la firma a la renovaci\u00f3n del contrato.<\/p>\n<p>El delantero extendi\u00f3 por un a\u00f1o m\u00e1s su renovaci\u00f3n, que ya estaba acordada con Atl\u00e9tico Tucum\u00e1n. <strong>Se realiz\u00f3 un pr\u00e9stamo hasta diciembre 2025, pero el Rojo cuenta con una obligaci\u00f3n de compra de 800.000 d\u00f3lares tras disputar 5 partidos.<\/strong><\/p>\n<p>Cuando eso ocurra, el futbolista de 21 a\u00f1os <strong>autom\u00e1ticamente se extender\u00e1 el v\u00ednculo con Independiente hasta diciembre del 2028 y el Rey de Copas pasar\u00e1 a ser due\u00f1o del 50% del pase.<\/strong><\/p>\n<blockquote class=\"twitter-tweet\">\n<p dir=\"ltr\" lang=\"es\">Ignacio Maestro Puch firm\u00f3 su nuevo v\u00ednculo con <a href=\"https:\/\/twitter.com\/hashtag\/Independiente?src=hash&amp;ref_src=twsrc%5Etfw\">#Independiente<\/a>.<\/p>\n<p>Se extendi\u00f3 el pr\u00e9stamo por un a\u00f1o, con opci\u00f3n de compra al finalizar y con obligaci\u00f3n de compra al disputar 5 partidos, lo que incluye la renovaci\u00f3n autom\u00e1tica del contrato hasta 2028.<a href=\"https:\/\/twitter.com\/hashtag\/TodoRojo?src=hash&amp;ref_src=twsrc%5Etfw\">#TodoRojo<\/a>  <a href=\"https:\/\/t.co\/gLfzMsLJtQ\">pic.twitter.com\/gLfzMsLJtQ<\/a><\/p>\n<p>\u2014 C. A. Independiente (@Independiente) <a href=\"https:\/\/twitter.com\/Independiente\/status\/1878910292077486387?ref_src=twsrc%5Etfw\">January 13, 2025<\/a><\/p><\/blockquote>\n<p><script async src=\"https:\/\/platform.twitter.com\/widgets.js\" charset=\"utf-8\"><\/script><\/p>\n","protected":false},"excerpt":{"rendered":"<p>Ignacio Maestro Puch le puso la firma a la renovaci\u00f3n del contrato. El delantero extendi\u00f3 por un a\u00f1o m\u00e1s su renovaci\u00f3n, que ya estaba acordada con Atl\u00e9tico Tucum\u00e1n. Se realiz\u00f3 un pr\u00e9stamo hasta diciembre 2025, pero el Rojo cuenta con una obligaci\u00f3n de compra de 800.000 d\u00f3lares tras disputar 5 partidos. Cuando eso ocurra, el [&hellip;]<\/p>\n","protected":false},"author":1,"featured_media":123288,"comment_status":"open","ping_status":"closed","sticky":false,"template":"","format":"standard","meta":{"_links_to":"","_links_to_target":""},"categories":[3280,3247],"tags":[153,5556],"_links":{"self":[{"href":"https:\/\/www.locoxelrojo.com\/independiente\/wp-json\/wp\/v2\/posts\/123287"}],"collection":[{"href":"https:\/\/www.locoxelrojo.com\/independiente\/wp-json\/wp\/v2\/posts"}],"about":[{"href":"https:\/\/www.locoxelrojo.com\/independiente\/wp-json\/wp\/v2\/types\/post"}],"author":[{"embeddable":true,"href":"https:\/\/www.locoxelrojo.com\/independiente\/wp-json\/wp\/v2\/users\/1"}],"replies":[{"embeddable":true,"href":"https:\/\/www.locoxelrojo.com\/independiente\/wp-json\/wp\/v2\/comments?post=123287"}],"version-history":[{"count":1,"href":"https:\/\/www.locoxelrojo.com\/independiente\/wp-json\/wp\/v2\/posts\/123287\/revisions"}],"predecessor-version":[{"id":123289,"href":"https:\/\/www.locoxelrojo.com\/independiente\/wp-json\/wp\/v2\/posts\/123287\/revisions\/123289"}],"wp:featuredmedia":[{"embeddable":true,"href":"https:\/\/www.locoxelrojo.com\/independiente\/wp-json\/wp\/v2\/media\/123288"}],"wp:attachment":[{"href":"https:\/\/www.locoxelrojo.com\/independiente\/wp-json\/wp\/v2\/media?parent=123287"}],"wp:term":[{"taxonomy":"category","embeddable":true,"href":"https:\/\/www.locoxelrojo.com\/independiente\/wp-json\/wp\/v2\/categories?post=123287"},{"taxonomy":"post_tag","embeddable":true,"href":"https:\/\/www.locoxelrojo.com\/independiente\/wp-json\/wp\/v2\/tags?post=123287"}],"curies":[{"name":"wp","href":"https:\/\/api.w.org\/{rel}","templated":true}]}}