{"id":123329,"date":"2025-01-15T22:07:46","date_gmt":"2025-01-16T01:07:46","guid":{"rendered":"https:\/\/www.locoxelrojo.com\/independiente\/?p=123329"},"modified":"2025-01-15T22:07:46","modified_gmt":"2025-01-16T01:07:46","slug":"firma-y-presentacion-para-angulo","status":"publish","type":"post","link":"https:\/\/www.locoxelrojo.com\/independiente\/2025\/01\/15\/firma-y-presentacion-para-angulo\/","title":{"rendered":"Firma y presentaci\u00f3n para Angulo"},"content":{"rendered":"<p><strong>\u00c1lvaro Angulo firm\u00f3 su contrato con Independiente y tuvo una presentaci\u00f3n bastante especial.<\/strong><\/p>\n<p>Este mi\u00e9rcoles se cerr\u00f3 la llegada del lateral colombiano de 27 a\u00f1os. <strong>Llega libre de Atl\u00e9tico Nacional de Colombia.<\/strong><\/p>\n<p>Con la presencia del presidente N\u00e9stor Grindetti y el secretario general Daniel Seoane, la Pantera Negra estamp\u00f3 su firma en el contrato que <strong>lo vincular\u00e1 con el Rojo por los pr\u00f3ximos 3 a\u00f1os, hasta diciembre 2027.<\/strong><\/p>\n<p>En las redes sociales del club <strong>le dieron la bienvenida<\/strong> con una de las habituales presentaciones:<\/p>\n<blockquote class=\"twitter-tweet\" data-media-max-width=\"560\">\n<p dir=\"ltr\" lang=\"es\">Se llamar\u00e1 por siempre <a href=\"https:\/\/twitter.com\/hashtag\/Independiente?src=hash&amp;ref_src=twsrc%5Etfw\">#Independiente<\/a> \u270a\ufe0f<a href=\"https:\/\/twitter.com\/hashtag\/TodoRojo?src=hash&amp;ref_src=twsrc%5Etfw\">#TodoRojo<\/a>  <a href=\"https:\/\/t.co\/LG6sYsy7Jc\">pic.twitter.com\/LG6sYsy7Jc<\/a><\/p>\n<p>\u2014 C. A. Independiente (@Independiente) <a href=\"https:\/\/twitter.com\/Independiente\/status\/1879625899097911469?ref_src=twsrc%5Etfw\">January 15, 2025<\/a><\/p><\/blockquote>\n<p><script async src=\"https:\/\/platform.twitter.com\/widgets.js\" charset=\"utf-8\"><\/script><\/p>\n<p>Adem\u00e1s, <strong>respondi\u00f3 un breve cuestionario<\/strong> para que los hinchas lo conozcan un poco m\u00e1s:<\/p>\n<blockquote class=\"twitter-tweet\" data-media-max-width=\"560\">\n<p dir=\"ltr\" lang=\"es\">Un minuto y medio con \u00c1lvaro Angulo <a href=\"https:\/\/twitter.com\/hashtag\/TodoRojo?src=hash&amp;ref_src=twsrc%5Etfw\">#TodoRojo<\/a>  <a href=\"https:\/\/t.co\/b8JJ5udKgK\">pic.twitter.com\/b8JJ5udKgK<\/a><\/p>\n<p>\u2014 C. A. Independiente (@Independiente) <a href=\"https:\/\/twitter.com\/Independiente\/status\/1879664330050035834?ref_src=twsrc%5Etfw\">January 15, 2025<\/a><\/p><\/blockquote>\n<p><script async src=\"https:\/\/platform.twitter.com\/widgets.js\" charset=\"utf-8\"><\/script><\/p>\n","protected":false},"excerpt":{"rendered":"<p>\u00c1lvaro Angulo firm\u00f3 su contrato con Independiente y tuvo una presentaci\u00f3n bastante especial. Este mi\u00e9rcoles se cerr\u00f3 la llegada del lateral colombiano de 27 a\u00f1os. Llega libre de Atl\u00e9tico Nacional de Colombia. Con la presencia del presidente N\u00e9stor Grindetti y el secretario general Daniel Seoane, la Pantera Negra estamp\u00f3 su firma en el contrato que [&hellip;]<\/p>\n","protected":false},"author":1,"featured_media":123330,"comment_status":"open","ping_status":"closed","sticky":false,"template":"","format":"standard","meta":{"_links_to":"","_links_to_target":""},"categories":[3247,3],"tags":[5758,153],"_links":{"self":[{"href":"https:\/\/www.locoxelrojo.com\/independiente\/wp-json\/wp\/v2\/posts\/123329"}],"collection":[{"href":"https:\/\/www.locoxelrojo.com\/independiente\/wp-json\/wp\/v2\/posts"}],"about":[{"href":"https:\/\/www.locoxelrojo.com\/independiente\/wp-json\/wp\/v2\/types\/post"}],"author":[{"embeddable":true,"href":"https:\/\/www.locoxelrojo.com\/independiente\/wp-json\/wp\/v2\/users\/1"}],"replies":[{"embeddable":true,"href":"https:\/\/www.locoxelrojo.com\/independiente\/wp-json\/wp\/v2\/comments?post=123329"}],"version-history":[{"count":1,"href":"https:\/\/www.locoxelrojo.com\/independiente\/wp-json\/wp\/v2\/posts\/123329\/revisions"}],"predecessor-version":[{"id":123331,"href":"https:\/\/www.locoxelrojo.com\/independiente\/wp-json\/wp\/v2\/posts\/123329\/revisions\/123331"}],"wp:featuredmedia":[{"embeddable":true,"href":"https:\/\/www.locoxelrojo.com\/independiente\/wp-json\/wp\/v2\/media\/123330"}],"wp:attachment":[{"href":"https:\/\/www.locoxelrojo.com\/independiente\/wp-json\/wp\/v2\/media?parent=123329"}],"wp:term":[{"taxonomy":"category","embeddable":true,"href":"https:\/\/www.locoxelrojo.com\/independiente\/wp-json\/wp\/v2\/categories?post=123329"},{"taxonomy":"post_tag","embeddable":true,"href":"https:\/\/www.locoxelrojo.com\/independiente\/wp-json\/wp\/v2\/tags?post=123329"}],"curies":[{"name":"wp","href":"https:\/\/api.w.org\/{rel}","templated":true}]}}