{"id":123360,"date":"2025-01-17T17:45:58","date_gmt":"2025-01-17T20:45:58","guid":{"rendered":"https:\/\/www.locoxelrojo.com\/independiente\/?p=123360"},"modified":"2025-01-18T00:12:44","modified_gmt":"2025-01-18T03:12:44","slug":"montiel-tengo-que-dar-el-maximo-por-la-gente-y-por-la-camiseta","status":"publish","type":"post","link":"https:\/\/www.locoxelrojo.com\/independiente\/2025\/01\/17\/montiel-tengo-que-dar-el-maximo-por-la-gente-y-por-la-camiseta\/","title":{"rendered":"Montiel: &#8220;Tengo que dar el m\u00e1ximo, por la gente y por la camiseta&#8221;"},"content":{"rendered":"<p><strong>Santiago Montiel<\/strong> habl\u00f3 sobre su presente en Independiente y c\u00f3mo va llevando el plantel la pretemporada.<\/p>\n<p>El atacante fue uno de los puntos m\u00e1s altos del equipo en el \u00faltimo semestre. <strong>&#8220;Por las ganas que ten\u00eda de venir y de estar, la adaptaci\u00f3n no me cost\u00f3. Soy consciente de que me fue bien, pero quiero seguir trabajando y mejorando d\u00eda a d\u00eda para seguir creciendo en este club&#8221;<\/strong>, expres\u00f3 en di\u00e1logo con Fox Sports. <strong>&#8220;Lo de la gente conmigo, estoy muy agradecido. Cuando entro a la cancha tengo que dar el m\u00e1ximo, por la gente y por la camiseta&#8221;<\/strong>, agreg\u00f3.<\/p>\n<p>Luego, cont\u00f3 lo que le pide Julio Vaccari: <strong>&#8220;Yo doy mucho desequilibrio. Le gusta que juegue a los mano a mano y que a la hora de defender ayude bastante. Le gusta el esfuerzo que hago para defender y para atacar&#8221;<\/strong>.<\/p>\n<p><strong>&#8220;Fue una pretemporada bastante dura, pero la pudimos sacar adelante. Doble turno todos los d\u00edas, la verdad que cost\u00f3 mucho. La pretemporada que estamos haciendo nos prepara para toda esta seguidilla que viene&#8221;<\/strong>, a\u00f1adi\u00f3.<\/p>\n<p>Y cerr\u00f3: <strong>&#8220;Los refuerzos que vinieron nos van a dar un plus y vamos a estar muy bien para lo que viene&#8221;<\/strong>.<\/p>\n","protected":false},"excerpt":{"rendered":"<p>Santiago Montiel habl\u00f3 sobre su presente en Independiente y c\u00f3mo va llevando el plantel la pretemporada. El atacante fue uno de los puntos m\u00e1s altos del equipo en el \u00faltimo semestre. &#8220;Por las ganas que ten\u00eda de venir y de estar, la adaptaci\u00f3n no me cost\u00f3. Soy consciente de que me fue bien, pero quiero [&hellip;]<\/p>\n","protected":false},"author":1,"featured_media":123361,"comment_status":"open","ping_status":"closed","sticky":false,"template":"","format":"standard","meta":{"_links_to":"","_links_to_target":""},"categories":[3247,3],"tags":[153,5680],"_links":{"self":[{"href":"https:\/\/www.locoxelrojo.com\/independiente\/wp-json\/wp\/v2\/posts\/123360"}],"collection":[{"href":"https:\/\/www.locoxelrojo.com\/independiente\/wp-json\/wp\/v2\/posts"}],"about":[{"href":"https:\/\/www.locoxelrojo.com\/independiente\/wp-json\/wp\/v2\/types\/post"}],"author":[{"embeddable":true,"href":"https:\/\/www.locoxelrojo.com\/independiente\/wp-json\/wp\/v2\/users\/1"}],"replies":[{"embeddable":true,"href":"https:\/\/www.locoxelrojo.com\/independiente\/wp-json\/wp\/v2\/comments?post=123360"}],"version-history":[{"count":1,"href":"https:\/\/www.locoxelrojo.com\/independiente\/wp-json\/wp\/v2\/posts\/123360\/revisions"}],"predecessor-version":[{"id":123362,"href":"https:\/\/www.locoxelrojo.com\/independiente\/wp-json\/wp\/v2\/posts\/123360\/revisions\/123362"}],"wp:featuredmedia":[{"embeddable":true,"href":"https:\/\/www.locoxelrojo.com\/independiente\/wp-json\/wp\/v2\/media\/123361"}],"wp:attachment":[{"href":"https:\/\/www.locoxelrojo.com\/independiente\/wp-json\/wp\/v2\/media?parent=123360"}],"wp:term":[{"taxonomy":"category","embeddable":true,"href":"https:\/\/www.locoxelrojo.com\/independiente\/wp-json\/wp\/v2\/categories?post=123360"},{"taxonomy":"post_tag","embeddable":true,"href":"https:\/\/www.locoxelrojo.com\/independiente\/wp-json\/wp\/v2\/tags?post=123360"}],"curies":[{"name":"wp","href":"https:\/\/api.w.org\/{rel}","templated":true}]}}