{"id":123442,"date":"2025-01-24T22:00:38","date_gmt":"2025-01-25T01:00:38","guid":{"rendered":"https:\/\/www.locoxelrojo.com\/independiente\/?p=123442"},"modified":"2025-01-25T02:01:59","modified_gmt":"2025-01-25T05:01:59","slug":"montiel-otra-vez-lesionado","status":"publish","type":"post","link":"https:\/\/www.locoxelrojo.com\/independiente\/2025\/01\/24\/montiel-otra-vez-lesionado\/","title":{"rendered":"Montiel, otra vez lesionado"},"content":{"rendered":"<p><strong>Santiago Montiel no pudo completar el partido ante Sarmiento y sali\u00f3 lesionado en el primer tiempo. Preocupaci\u00f3n en Independiente por su evoluci\u00f3n.<\/strong><\/p>\n<p>Por la 1\u00aa fecha del Apertura, el delantero volv\u00eda a ser titular tras haberse recuperado de un desgarro que lo hizo perderse el \u00faltimo tramo del campeonato pasado. Estaba mostrando un gran nivel y era uno de los puntos altos del equipo. Lamentablemente, <strong>una nueva lesi\u00f3n lo oblig\u00f3 a salir<\/strong>.<\/p>\n<p>Iban 32 minutos de juego cuando Montiel se tir\u00f3 al suelo con gestos de mucho dolor. Inmediatamente <strong>pidi\u00f3 el cambio y fue reemplazado por Luciano Cabral<\/strong>.<\/p>\n<p>Horas despu\u00e9s, desde el club confirmaron que el delantero sufri\u00f3 una <strong>lesi\u00f3n en la cara posterior del muslo derech<\/strong>o. Se le realizar\u00e1n estudios para determinar el grado de la lesi\u00f3n y ver si puede estar contra Talleres en C\u00f3rdoba.<\/p>\n","protected":false},"excerpt":{"rendered":"<p>Santiago Montiel no pudo completar el partido ante Sarmiento y sali\u00f3 lesionado en el primer tiempo. Preocupaci\u00f3n en Independiente por su evoluci\u00f3n. Por la 1\u00aa fecha del Apertura, el delantero volv\u00eda a ser titular tras haberse recuperado de un desgarro que lo hizo perderse el \u00faltimo tramo del campeonato pasado. Estaba mostrando un gran nivel [&hellip;]<\/p>\n","protected":false},"author":8,"featured_media":123451,"comment_status":"open","ping_status":"closed","sticky":false,"template":"","format":"standard","meta":{"_links_to":"","_links_to_target":""},"categories":[3247,3],"tags":[153,5680,1670,5734],"_links":{"self":[{"href":"https:\/\/www.locoxelrojo.com\/independiente\/wp-json\/wp\/v2\/posts\/123442"}],"collection":[{"href":"https:\/\/www.locoxelrojo.com\/independiente\/wp-json\/wp\/v2\/posts"}],"about":[{"href":"https:\/\/www.locoxelrojo.com\/independiente\/wp-json\/wp\/v2\/types\/post"}],"author":[{"embeddable":true,"href":"https:\/\/www.locoxelrojo.com\/independiente\/wp-json\/wp\/v2\/users\/8"}],"replies":[{"embeddable":true,"href":"https:\/\/www.locoxelrojo.com\/independiente\/wp-json\/wp\/v2\/comments?post=123442"}],"version-history":[{"count":1,"href":"https:\/\/www.locoxelrojo.com\/independiente\/wp-json\/wp\/v2\/posts\/123442\/revisions"}],"predecessor-version":[{"id":123443,"href":"https:\/\/www.locoxelrojo.com\/independiente\/wp-json\/wp\/v2\/posts\/123442\/revisions\/123443"}],"wp:featuredmedia":[{"embeddable":true,"href":"https:\/\/www.locoxelrojo.com\/independiente\/wp-json\/wp\/v2\/media\/123451"}],"wp:attachment":[{"href":"https:\/\/www.locoxelrojo.com\/independiente\/wp-json\/wp\/v2\/media?parent=123442"}],"wp:term":[{"taxonomy":"category","embeddable":true,"href":"https:\/\/www.locoxelrojo.com\/independiente\/wp-json\/wp\/v2\/categories?post=123442"},{"taxonomy":"post_tag","embeddable":true,"href":"https:\/\/www.locoxelrojo.com\/independiente\/wp-json\/wp\/v2\/tags?post=123442"}],"curies":[{"name":"wp","href":"https:\/\/api.w.org\/{rel}","templated":true}]}}