{"id":123483,"date":"2025-01-27T21:57:01","date_gmt":"2025-01-28T00:57:01","guid":{"rendered":"https:\/\/www.locoxelrojo.com\/independiente\/?p=123483"},"modified":"2025-01-27T21:57:01","modified_gmt":"2025-01-28T00:57:01","slug":"paredes-firmo-y-se-convirtio-en-el-octavo-refuerzo-de-independiente","status":"publish","type":"post","link":"https:\/\/www.locoxelrojo.com\/independiente\/2025\/01\/27\/paredes-firmo-y-se-convirtio-en-el-octavo-refuerzo-de-independiente\/","title":{"rendered":"Paredes firm\u00f3 y se convirti\u00f3 en el octavo refuerzo de Independiente"},"content":{"rendered":"<p><strong>Franco Paredes se convirti\u00f3 oficialmente en el octavo refuerzo de Independiente en este mercado de pases. Ya puso la firma.<\/strong><\/p>\n<p><strong>El club le compr\u00f3 a River el 50% del pase<\/strong> del defensor central de 25 a\u00f1os <strong>en 500.000 d\u00f3lares, m\u00e1s la cancelaci\u00f3n de una deuda de otros 500.000 d\u00f3lares que ten\u00eda el Millonario con el Rojo.<\/strong><\/p>\n<p>El jugador pas\u00f3 por la sede del club en Avellaneda y <strong>firm\u00f3 contrato hasta diciembre de 2027.<\/strong> Luego de eso, tuvo su primer entrenamiento con el equipo en Villa Dom\u00ednico.<\/p>\n<blockquote class=\"twitter-tweet\">\n<p dir=\"ltr\" lang=\"es\">\u270d\ufe0f Firma en la Sede y a entrenar en Dom\u00ednico.<a href=\"https:\/\/twitter.com\/hashtag\/TodoRojo?src=hash&amp;ref_src=twsrc%5Etfw\">#TodoRojo<\/a> <a href=\"https:\/\/t.co\/dipj41z2fF\">pic.twitter.com\/dipj41z2fF<\/a><\/p>\n<p>\u2014 C. A. Independiente (@Independiente) <a href=\"https:\/\/twitter.com\/Independiente\/status\/1884006191787065470?ref_src=twsrc%5Etfw\">January 27, 2025<\/a><\/p><\/blockquote>\n<p><script async src=\"https:\/\/platform.twitter.com\/widgets.js\" charset=\"utf-8\"><\/script><\/p>\n<p><strong>Durante el 2024, el nacido en San Justo estuvo a pr\u00e9stamo en Sarmiento.<\/strong> Si bien al Verde no le fue bien, ya que termin\u00f3 \u00faltimo en la tabla anual, Paredes <strong>disput\u00f3 30 partidos (2439 minutos), convirti\u00f3 2 goles y fue expulsado 1 vez.<\/strong><\/p>\n","protected":false},"excerpt":{"rendered":"<p>Franco Paredes se convirti\u00f3 oficialmente en el octavo refuerzo de Independiente en este mercado de pases. Ya puso la firma. El club le compr\u00f3 a River el 50% del pase del defensor central de 25 a\u00f1os en 500.000 d\u00f3lares, m\u00e1s la cancelaci\u00f3n de una deuda de otros 500.000 d\u00f3lares que ten\u00eda el Millonario con el [&hellip;]<\/p>\n","protected":false},"author":101037,"featured_media":123491,"comment_status":"open","ping_status":"closed","sticky":false,"template":"","format":"standard","meta":{"_links_to":"","_links_to_target":""},"categories":[3247,3],"tags":[153,5572,2783,1670],"_links":{"self":[{"href":"https:\/\/www.locoxelrojo.com\/independiente\/wp-json\/wp\/v2\/posts\/123483"}],"collection":[{"href":"https:\/\/www.locoxelrojo.com\/independiente\/wp-json\/wp\/v2\/posts"}],"about":[{"href":"https:\/\/www.locoxelrojo.com\/independiente\/wp-json\/wp\/v2\/types\/post"}],"author":[{"embeddable":true,"href":"https:\/\/www.locoxelrojo.com\/independiente\/wp-json\/wp\/v2\/users\/101037"}],"replies":[{"embeddable":true,"href":"https:\/\/www.locoxelrojo.com\/independiente\/wp-json\/wp\/v2\/comments?post=123483"}],"version-history":[{"count":3,"href":"https:\/\/www.locoxelrojo.com\/independiente\/wp-json\/wp\/v2\/posts\/123483\/revisions"}],"predecessor-version":[{"id":123492,"href":"https:\/\/www.locoxelrojo.com\/independiente\/wp-json\/wp\/v2\/posts\/123483\/revisions\/123492"}],"wp:featuredmedia":[{"embeddable":true,"href":"https:\/\/www.locoxelrojo.com\/independiente\/wp-json\/wp\/v2\/media\/123491"}],"wp:attachment":[{"href":"https:\/\/www.locoxelrojo.com\/independiente\/wp-json\/wp\/v2\/media?parent=123483"}],"wp:term":[{"taxonomy":"category","embeddable":true,"href":"https:\/\/www.locoxelrojo.com\/independiente\/wp-json\/wp\/v2\/categories?post=123483"},{"taxonomy":"post_tag","embeddable":true,"href":"https:\/\/www.locoxelrojo.com\/independiente\/wp-json\/wp\/v2\/tags?post=123483"}],"curies":[{"name":"wp","href":"https:\/\/api.w.org\/{rel}","templated":true}]}}