{"id":123500,"date":"2025-01-28T19:43:42","date_gmt":"2025-01-28T22:43:42","guid":{"rendered":"https:\/\/www.locoxelrojo.com\/independiente\/?p=123500"},"modified":"2025-01-28T20:48:46","modified_gmt":"2025-01-28T23:48:46","slug":"concentrados-vs-talleres-sin-montiel-van-24-a-cordoba","status":"publish","type":"post","link":"https:\/\/www.locoxelrojo.com\/independiente\/2025\/01\/28\/concentrados-vs-talleres-sin-montiel-van-24-a-cordoba\/","title":{"rendered":"Concentrados vs. Talleres: sin Montiel, van 24 a C\u00f3rdoba"},"content":{"rendered":"<p><strong>Julio Vaccari entreg\u00f3 la lista de concentrados para la fecha 2 del Torneo Apertura 2025 ante Talleres, en el Mario Alberto Kempes.<\/strong><\/p>\n<p><a href=\"https:\/\/www.locoxelrojo.com\/independiente\/2025\/01\/24\/arranco-ganando-y-gustando\/\"><strong>Luego de un debut triunfante ante Sarmiento de local<\/strong><\/a><strong>,<\/strong> Independiente tiene una parada dif\u00edcil en C\u00f3rdoba contra la T, <strong>el mi\u00e9rcoles a las 17.<\/strong> El Rojo viene de mostrar una buena imagen, mientras que los del Cacique Medina perdieron 1-0 frente a San Lorenzo.<\/p>\n<p>Sin embargo, no todo fue positivo para el Rey de Copas, ya que <strong><a href=\"https:\/\/www.locoxelrojo.com\/independiente\/2025\/01\/24\/montiel-otra-vez-lesionado\/\">Santiago Montiel se lesion\u00f3<\/a> y estar\u00e1 afuera por los pr\u00f3ximos partidos<\/strong>. En su reemplazo, <strong>aparece Santiago L\u00f3pez<\/strong>, quien tuvo muy poca participaci\u00f3n en el cierre del campeonato pasado <strong>ni tampoco fue citado la jornada anterior.<\/strong><\/p>\n<p><strong>El otro cambio en la n\u00f3mina es el de Jonathan De Irastorza por Joel Medina<\/strong>, el juvenil que impresion\u00f3 al entrenador y <strong>firm\u00f3 hace poco su primer contrato profesional.<\/strong> Agrega un volante central en reemplazo del lateral izquierdo.<\/p>\n<h4><strong>Los concentrados:<\/strong><\/h4>\n<p><strong>Arqueros: <\/strong>Joaqu\u00edn Blazquez, Rodrigo Rey.<\/p>\n<p><strong>Defensores:<\/strong> Adri\u00e1n Sp\u00f6rle, Federico Vera, Kevin Lom\u00f3naco, Juan Manuel Fedorco, Santiago Salle, Sebasti\u00e1n Vald\u00e9z, \u00c1lvaro Angulo.<\/p>\n<p><strong>Mediocampistas:\u00a0<\/strong>Felipe Loyola, Pablo Galdames, Luciano Cabral, Federico Mancuello, Lautaro Mill\u00e1n, Rodrigo Fern\u00e1ndez Cedr\u00e9s, David Mart\u00ednez, Iv\u00e1n Marcone, Joel Medina.<\/p>\n<p><strong>Delanteros:<\/strong> Gabriel \u00c1valos, Ignacio Maestro Puch, Santiago L\u00f3pez, Diego Tarzia, Enzo Taborda, Mat\u00edas Gim\u00e9nez.<\/p>\n","protected":false},"excerpt":{"rendered":"<p>Julio Vaccari entreg\u00f3 la lista de concentrados para la fecha 2 del Torneo Apertura 2025 ante Talleres, en el Mario Alberto Kempes. Luego de un debut triunfante ante Sarmiento de local, Independiente tiene una parada dif\u00edcil en C\u00f3rdoba contra la T, el mi\u00e9rcoles a las 17. El Rojo viene de mostrar una buena imagen, mientras [&hellip;]<\/p>\n","protected":false},"author":101038,"featured_media":123501,"comment_status":"open","ping_status":"closed","sticky":false,"template":"","format":"standard","meta":{"_links_to":"","_links_to_target":""},"categories":[3247,3],"tags":[153,3079,5430,4188,5633,5162,5680,5734],"_links":{"self":[{"href":"https:\/\/www.locoxelrojo.com\/independiente\/wp-json\/wp\/v2\/posts\/123500"}],"collection":[{"href":"https:\/\/www.locoxelrojo.com\/independiente\/wp-json\/wp\/v2\/posts"}],"about":[{"href":"https:\/\/www.locoxelrojo.com\/independiente\/wp-json\/wp\/v2\/types\/post"}],"author":[{"embeddable":true,"href":"https:\/\/www.locoxelrojo.com\/independiente\/wp-json\/wp\/v2\/users\/101038"}],"replies":[{"embeddable":true,"href":"https:\/\/www.locoxelrojo.com\/independiente\/wp-json\/wp\/v2\/comments?post=123500"}],"version-history":[{"count":3,"href":"https:\/\/www.locoxelrojo.com\/independiente\/wp-json\/wp\/v2\/posts\/123500\/revisions"}],"predecessor-version":[{"id":123509,"href":"https:\/\/www.locoxelrojo.com\/independiente\/wp-json\/wp\/v2\/posts\/123500\/revisions\/123509"}],"wp:featuredmedia":[{"embeddable":true,"href":"https:\/\/www.locoxelrojo.com\/independiente\/wp-json\/wp\/v2\/media\/123501"}],"wp:attachment":[{"href":"https:\/\/www.locoxelrojo.com\/independiente\/wp-json\/wp\/v2\/media?parent=123500"}],"wp:term":[{"taxonomy":"category","embeddable":true,"href":"https:\/\/www.locoxelrojo.com\/independiente\/wp-json\/wp\/v2\/categories?post=123500"},{"taxonomy":"post_tag","embeddable":true,"href":"https:\/\/www.locoxelrojo.com\/independiente\/wp-json\/wp\/v2\/tags?post=123500"}],"curies":[{"name":"wp","href":"https:\/\/api.w.org\/{rel}","templated":true}]}}