{"id":123503,"date":"2025-01-28T19:42:31","date_gmt":"2025-01-28T22:42:31","guid":{"rendered":"https:\/\/www.locoxelrojo.com\/independiente\/?p=123503"},"modified":"2025-01-28T19:42:56","modified_gmt":"2025-01-28T22:42:56","slug":"vaccari-busca-el-reemplazante-de-montiel","status":"publish","type":"post","link":"https:\/\/www.locoxelrojo.com\/independiente\/2025\/01\/28\/vaccari-busca-el-reemplazante-de-montiel\/","title":{"rendered":"Vaccari busca el reemplazante de Montiel"},"content":{"rendered":"<p><strong>Julio Vaccari prob\u00f3 a tres jugadores en la semana tras la baja de Montiel para enfrentar a Talleres el mi\u00e9rcoles a las 17.<\/strong><\/p>\n<p>En el comienzo de la semana, <strong>con la confirmaci\u00f3n de que <a href=\"https:\/\/www.locoxelrojo.com\/independiente\/2025\/01\/24\/montiel-otra-vez-lesionado\/\">Santiago Montiel sufri\u00f3 una lesi\u00f3n muscular<\/a><\/strong>, el DT opt\u00f3 por un <strong>cambio de esquema conforme al partido contra Sarmiento.<\/strong> Con un 4-2-3-1, el cambio fue el uruguayo <strong>Rodrigo Fern\u00e1ndez Cedr\u00e9s, que comparti\u00f3 mediocampo con Iv\u00e1n Marcone<\/strong> para completar el doble cinco del Rojo.<\/p>\n<p><strong>Luciano Cabral es el segundo nombre<\/strong>. El 10, <a href=\"https:\/\/www.locoxelrojo.com\/independiente\/2025\/01\/24\/cuatro-refuerzos-tuvieron-su-debut\/\">que tuvo su debut en Avellaneda el pasado viernes<\/a>, lo hizo bien cuando Vaccari lo puso a jugar en el medio, se lo vio mucho mas c\u00f3modo que reemplazando a Montiel por la banda derecha. <strong>El entrenador lo prob\u00f3 detr\u00e1s de Avalos que es donde mejor se desempe\u00f1a para distribuir el juego.<\/strong><\/p>\n<p><strong>La sorpresa est\u00e1 en la practica de hoy<\/strong>, hubo futbol y tambi\u00e9n practic\u00f3 pelota parada, formando un 4-3-3 y el reemplazante de Montiel <strong>fue el juvenil Santiago Salle<\/strong>, que no sum\u00f3 muchos minutos durante el 2024 pero <strong>es una alternativa para la banda derecha, ya sea de extremo, carrilero o lateral<\/strong>. \u00bfQui\u00e9n ser\u00e1 el que reemplace a Montiel?<\/p>\n","protected":false},"excerpt":{"rendered":"<p>Julio Vaccari prob\u00f3 a tres jugadores en la semana tras la baja de Montiel para enfrentar a Talleres el mi\u00e9rcoles a las 17. En el comienzo de la semana, con la confirmaci\u00f3n de que Santiago Montiel sufri\u00f3 una lesi\u00f3n muscular, el DT opt\u00f3 por un cambio de esquema conforme al partido contra Sarmiento. Con un [&hellip;]<\/p>\n","protected":false},"author":101035,"featured_media":123504,"comment_status":"open","ping_status":"closed","sticky":false,"template":"","format":"standard","meta":{"_links_to":"","_links_to_target":""},"categories":[3247,3],"tags":[153,5633,5745,5747,5680,5244,2624,5734],"_links":{"self":[{"href":"https:\/\/www.locoxelrojo.com\/independiente\/wp-json\/wp\/v2\/posts\/123503"}],"collection":[{"href":"https:\/\/www.locoxelrojo.com\/independiente\/wp-json\/wp\/v2\/posts"}],"about":[{"href":"https:\/\/www.locoxelrojo.com\/independiente\/wp-json\/wp\/v2\/types\/post"}],"author":[{"embeddable":true,"href":"https:\/\/www.locoxelrojo.com\/independiente\/wp-json\/wp\/v2\/users\/101035"}],"replies":[{"embeddable":true,"href":"https:\/\/www.locoxelrojo.com\/independiente\/wp-json\/wp\/v2\/comments?post=123503"}],"version-history":[{"count":1,"href":"https:\/\/www.locoxelrojo.com\/independiente\/wp-json\/wp\/v2\/posts\/123503\/revisions"}],"predecessor-version":[{"id":123505,"href":"https:\/\/www.locoxelrojo.com\/independiente\/wp-json\/wp\/v2\/posts\/123503\/revisions\/123505"}],"wp:featuredmedia":[{"embeddable":true,"href":"https:\/\/www.locoxelrojo.com\/independiente\/wp-json\/wp\/v2\/media\/123504"}],"wp:attachment":[{"href":"https:\/\/www.locoxelrojo.com\/independiente\/wp-json\/wp\/v2\/media?parent=123503"}],"wp:term":[{"taxonomy":"category","embeddable":true,"href":"https:\/\/www.locoxelrojo.com\/independiente\/wp-json\/wp\/v2\/categories?post=123503"},{"taxonomy":"post_tag","embeddable":true,"href":"https:\/\/www.locoxelrojo.com\/independiente\/wp-json\/wp\/v2\/tags?post=123503"}],"curies":[{"name":"wp","href":"https:\/\/api.w.org\/{rel}","templated":true}]}}