{"id":12358,"date":"2011-10-31T12:55:14","date_gmt":"2011-10-31T15:55:14","guid":{"rendered":"http:\/\/www.locoxelrojo.com.ar\/independiente\/?p=12358"},"modified":"2011-10-31T12:55:14","modified_gmt":"2011-10-31T15:55:14","slug":"assmann-tenemos-que-estar-tranquilos","status":"publish","type":"post","link":"https:\/\/www.locoxelrojo.com\/independiente\/2011\/10\/31\/assmann-tenemos-que-estar-tranquilos\/","title":{"rendered":"Assmann: &#8220;Tenemos que estar tranquilos&#8221;"},"content":{"rendered":"<p><a href=\"http:\/\/www.locoxelrojo.com.ar\/independiente\/wp-content\/uploads\/2011\/10\/Fabian_Assmann.gif\"><img loading=\"lazy\" class=\"alignnone size-full wp-image-12359\" title=\"Fabian_Assmann\" src=\"http:\/\/www.locoxelrojo.com.ar\/independiente\/wp-content\/uploads\/2011\/10\/Fabian_Assmann.gif\" alt=\"\" width=\"590\" height=\"315\" srcset=\"https:\/\/locoxelrojo.com\/independiente\/wp-content\/uploads\/2011\/10\/Fabian_Assmann.gif 590w, https:\/\/locoxelrojo.com\/independiente\/wp-content\/uploads\/2011\/10\/Fabian_Assmann-300x160.gif 300w\" sizes=\"(max-width: 590px) 100vw, 590px\" \/><\/a><\/p>\n<p>Luego de la pr\u00e1ctica matutina <strong>Fabi\u00e1n Assmann dialog\u00f3 con la prensa.<\/strong> El arquero es duda de cara al partido frente a All Boys producto de una esguince en el hombro derecho. De todas formas, es optimista y considera que llegar\u00e1 al viernes -el partido es 17:05-.<\/p>\n<p><strong>&#8220;Tuvimos la pelota pero no pudimos generar situaciones de gol&#8221;<\/strong>, lament\u00f3 el arquero quien fue titular en 10 de los 13 partidos y recibi\u00f3 11 goles. Luego agreg\u00f3 que &#8220;<strong>quer\u00edamos sumar de a tres y esa es la necesidad&#8221;.<\/strong><\/p>\n<p>Por \u00faltimo, se refiri\u00f3 a lo que viene.<strong> &#8220;Tenemos que estar tranquilos y pensar en ganar el pr\u00f3ximo partido ante All Boys&#8221;<\/strong>, advirti\u00f3. El equipo de Floresta apenas suma 3 empates y 3 derrotas en condici\u00f3n de local con 4 goles a favor y 7 en contra.<\/p>\n","protected":false},"excerpt":{"rendered":"<p>Luego de la pr\u00e1ctica matutina Fabi\u00e1n Assmann dialog\u00f3 con la prensa. El arquero es duda de cara al partido frente a All Boys producto de una esguince en el hombro derecho. De todas formas, es optimista y considera que llegar\u00e1 al viernes -el partido es 17:05-. &#8220;Tuvimos la pelota pero no pudimos generar situaciones de [&hellip;]<\/p>\n","protected":false},"author":1,"featured_media":0,"comment_status":"open","ping_status":"open","sticky":false,"template":"","format":"standard","meta":{"_links_to":"","_links_to_target":""},"categories":[3,1],"tags":[156,543,153,78,974],"_links":{"self":[{"href":"https:\/\/www.locoxelrojo.com\/independiente\/wp-json\/wp\/v2\/posts\/12358"}],"collection":[{"href":"https:\/\/www.locoxelrojo.com\/independiente\/wp-json\/wp\/v2\/posts"}],"about":[{"href":"https:\/\/www.locoxelrojo.com\/independiente\/wp-json\/wp\/v2\/types\/post"}],"author":[{"embeddable":true,"href":"https:\/\/www.locoxelrojo.com\/independiente\/wp-json\/wp\/v2\/users\/1"}],"replies":[{"embeddable":true,"href":"https:\/\/www.locoxelrojo.com\/independiente\/wp-json\/wp\/v2\/comments?post=12358"}],"version-history":[{"count":0,"href":"https:\/\/www.locoxelrojo.com\/independiente\/wp-json\/wp\/v2\/posts\/12358\/revisions"}],"wp:attachment":[{"href":"https:\/\/www.locoxelrojo.com\/independiente\/wp-json\/wp\/v2\/media?parent=12358"}],"wp:term":[{"taxonomy":"category","embeddable":true,"href":"https:\/\/www.locoxelrojo.com\/independiente\/wp-json\/wp\/v2\/categories?post=12358"},{"taxonomy":"post_tag","embeddable":true,"href":"https:\/\/www.locoxelrojo.com\/independiente\/wp-json\/wp\/v2\/tags?post=12358"}],"curies":[{"name":"wp","href":"https:\/\/api.w.org\/{rel}","templated":true}]}}