{"id":12369,"date":"2011-11-01T02:28:58","date_gmt":"2011-11-01T05:28:58","guid":{"rendered":"http:\/\/www.locoxelrojo.com.ar\/independiente\/?p=12369"},"modified":"2011-11-13T16:39:41","modified_gmt":"2011-11-13T19:39:41","slug":"velez-si-fuera-dt-no-actuaria-como-ramon","status":"publish","type":"post","link":"https:\/\/www.locoxelrojo.com\/independiente\/2011\/11\/01\/velez-si-fuera-dt-no-actuaria-como-ramon\/","title":{"rendered":"V\u00e9lez: &#8220;Si fuera DT no actuar\u00eda como Ram\u00f3n&#8221;"},"content":{"rendered":"<p><a href=\"http:\/\/www.locoxelrojo.com.ar\/independiente\/wp-content\/uploads\/2011\/11\/ivan_velez.jpg\"><img loading=\"lazy\" class=\"alignnone size-full wp-image-12370\" title=\"ivan_velez\" src=\"http:\/\/www.locoxelrojo.com.ar\/independiente\/wp-content\/uploads\/2011\/11\/ivan_velez.jpg\" alt=\"\" width=\"590\" height=\"315\" srcset=\"https:\/\/locoxelrojo.com\/independiente\/wp-content\/uploads\/2011\/11\/ivan_velez.jpg 590w, https:\/\/locoxelrojo.com\/independiente\/wp-content\/uploads\/2011\/11\/ivan_velez-300x160.jpg 300w\" sizes=\"(max-width: 590px) 100vw, 590px\" \/><\/a><\/p>\n<p><strong>Iv\u00e1n V\u00e9lez dialog\u00f3 con LocoXelRojo Radio y reflej\u00f3 su malestar por la falta de di\u00e1logo con el cuerpo t\u00e9cnico. <\/strong>Adem\u00e1s<strong>, admiti\u00f3 que si bien le gustar\u00eda quedarse en el club, est\u00e1 m\u00e1s afuera que adentro<\/strong>. Explic\u00f3 que es la primera vez en su carrera no tiene regularidad y lament\u00f3 no haber podido demostrar este semestre.<\/p>\n<p>&#8220;<strong>Es cuesti\u00f3n de gustos y mi juego no encaja en lo que el DT quiere, estoy relegado&#8221;,<\/strong> admiti\u00f3 el diestro quien luego agreg\u00f3 que<strong> &#8220;no actuar\u00eda como Ram\u00f3n D\u00edaz si fuera director t\u00e9cnico<\/strong>&#8221; pero si no encastra en el equipo no puede hacer nada m\u00e1s que trabajar.<\/p>\n<p><strong>&#8220;Solo me falt\u00f3 el gol. No s\u00e9 si me voy a ir, est\u00e1 la opci\u00f3n de 600 mil d\u00f3lares por el 50 por ciento&#8221;<\/strong>, advirti\u00f3 a pesar de que hoy est\u00e1 lejos de ser considerado y se ir\u00eda de la Argentina. <strong>&#8220;Es mi 8vo a\u00f1o de carrera, mi nombre esta en lo alto en Colombia, ac\u00e1 fui regular con 24 de 35 partidos&#8221;<\/strong>, enfatiz\u00f3.<\/p>\n<p>Sin embargo, desde la llegada de D\u00edaz perdi\u00f3 lugar. &#8220;Pu<strong>edo pelear con otro cuatro pero si ponen un central es porque ven que no doy lo que buscan, trabajo en silencio. No voy a bajar los brazos, el f\u00fatbol no comienza ni termina ac\u00e1. Estoy al 100 por ciento y espero la oportunidad&#8221;<\/strong>, dese\u00f3.<\/p>\n<p>El jugador baj\u00f3 a la Reserva desde la llega del nuevo cuerpo t\u00e9cnico. A pesar de esto, reprocha la falta de di\u00e1logo.<strong> &#8220;De esto saco lo positivo, lo tomo con madurez. En la Reserva doy lo mejor. Ram\u00f3n nunca me habl\u00f3 ni se acerc\u00f3<\/strong>&#8220;, lament\u00f3. A pesar de su situaci\u00f3n, a\u00fan tiene ilusiones.<strong> &#8220;Espero la oportunidad, soy fuerte en Dios y mi familia. Las piedras en el camino me dan fortaleza<\/strong>&#8220;, aclar\u00f3.<\/p>\n<p>Por \u00faltimo destac\u00f3 a sus compa\u00f1eros:\u00a0<strong>&#8220;Cualquier defensor puede jugar en cualquier equipo de Argentina, lastimodamente son muchos y hay lugar para 2. Juli\u00e1n es intuitivo, r\u00e1pido y te come los pies, no tiene oficio de lateral pero est\u00e1 entre los 3 o 4 mejores centrales del pa\u00eds&#8221;<\/strong>, entendi\u00f3. Y concluy\u00f3: <strong>&#8220;Independiente no tiene punto medio; o sos bueno o malo, de golpe no vales nadacomo pasa con Hilario y Parra&#8221;.<\/strong><\/p>\n","protected":false},"excerpt":{"rendered":"<p>Iv\u00e1n V\u00e9lez dialog\u00f3 con LocoXelRojo Radio y reflej\u00f3 su malestar por la falta de di\u00e1logo con el cuerpo t\u00e9cnico. Adem\u00e1s, admiti\u00f3 que si bien le gustar\u00eda quedarse en el club, est\u00e1 m\u00e1s afuera que adentro. Explic\u00f3 que es la primera vez en su carrera no tiene regularidad y lament\u00f3 no haber podido demostrar este semestre. [&hellip;]<\/p>\n","protected":false},"author":1,"featured_media":0,"comment_status":"open","ping_status":"open","sticky":false,"template":"","format":"standard","meta":{"_links_to":"","_links_to_target":""},"categories":[3,17,1],"tags":[153,412,500],"_links":{"self":[{"href":"https:\/\/www.locoxelrojo.com\/independiente\/wp-json\/wp\/v2\/posts\/12369"}],"collection":[{"href":"https:\/\/www.locoxelrojo.com\/independiente\/wp-json\/wp\/v2\/posts"}],"about":[{"href":"https:\/\/www.locoxelrojo.com\/independiente\/wp-json\/wp\/v2\/types\/post"}],"author":[{"embeddable":true,"href":"https:\/\/www.locoxelrojo.com\/independiente\/wp-json\/wp\/v2\/users\/1"}],"replies":[{"embeddable":true,"href":"https:\/\/www.locoxelrojo.com\/independiente\/wp-json\/wp\/v2\/comments?post=12369"}],"version-history":[{"count":0,"href":"https:\/\/www.locoxelrojo.com\/independiente\/wp-json\/wp\/v2\/posts\/12369\/revisions"}],"wp:attachment":[{"href":"https:\/\/www.locoxelrojo.com\/independiente\/wp-json\/wp\/v2\/media?parent=12369"}],"wp:term":[{"taxonomy":"category","embeddable":true,"href":"https:\/\/www.locoxelrojo.com\/independiente\/wp-json\/wp\/v2\/categories?post=12369"},{"taxonomy":"post_tag","embeddable":true,"href":"https:\/\/www.locoxelrojo.com\/independiente\/wp-json\/wp\/v2\/tags?post=12369"}],"curies":[{"name":"wp","href":"https:\/\/api.w.org\/{rel}","templated":true}]}}