{"id":123763,"date":"2025-02-16T22:35:03","date_gmt":"2025-02-17T01:35:03","guid":{"rendered":"https:\/\/www.locoxelrojo.com\/independiente\/?p=123763"},"modified":"2025-02-16T22:35:03","modified_gmt":"2025-02-17T01:35:03","slug":"concentrados-vs-platense-sin-millan-vuelve-maestro-puch","status":"publish","type":"post","link":"https:\/\/www.locoxelrojo.com\/independiente\/2025\/02\/16\/concentrados-vs-platense-sin-millan-vuelve-maestro-puch\/","title":{"rendered":"Concentrados vs. Platense: sin Mill\u00e1n, vuelve Maestro Puch"},"content":{"rendered":"<p><strong>Julio Vaccari<\/strong> entreg\u00f3 la lista de concentrados para la fecha 6 del Torneo Apertura 2025 ante Platense, en Vicente L\u00f3pez.<\/p>\n<p>Independiente juega este lunes frente al Calamar a las 19:15, luego de la gran victoria 3-0 contra V\u00e9lez. <strong>Con la lesi\u00f3n de Lautaro Mill\u00e1n, que se <a href=\"https:\/\/www.locoxelrojo.com\/independiente\/2025\/02\/13\/se-confirmo-el-esguince-de-millan\/\">lo perder\u00e1 por un esguince posterolateral de la rodilla izquierda<\/a>, ser\u00e1 baja para este encuentro.<\/strong><\/p>\n<p>Sin embargo, <strong>Julio Vaccari recupera a un soldado clave: Ignacio Maestro Puch<\/strong>. En total, <strong>son 24 los futbolistas convocados por el DT<\/strong>.<\/p>\n<h2>Los concentrados:<\/h2>\n<p><strong>Arqueros:<\/strong> Joaqu\u00edn Blazquez, Rodrigo Rey.<\/p>\n<p><strong>Defensores:<\/strong> Adri\u00e1n Sp\u00f6rle, Federico Vera, Kevin Lom\u00f3naco, Franco Paredes, Santiago Salle, Sebasti\u00e1n Vald\u00e9z, \u00c1lvaro Angulo.<\/p>\n<p><strong>Mediocampistas:<\/strong> Felipe Loyola, Pablo Galdames, Luciano Cabral, Federico Mancuello, Rodrigo Fern\u00e1ndez Cedr\u00e9s, David Mart\u00ednez, Ivan Marcone, Joel Medina.<\/p>\n<p><strong>Delanteros:<\/strong> Santiago Montiel, Gabriel \u00c1valos, Ignacio Maestro Puch, Lucas Rom\u00e1n, Diego Tarzia, Enzo Taborda, Mat\u00edas Gim\u00e9nez.<\/p>\n","protected":false},"excerpt":{"rendered":"<p>Julio Vaccari entreg\u00f3 la lista de concentrados para la fecha 6 del Torneo Apertura 2025 ante Platense, en Vicente L\u00f3pez. Independiente juega este lunes frente al Calamar a las 19:15, luego de la gran victoria 3-0 contra V\u00e9lez. Con la lesi\u00f3n de Lautaro Mill\u00e1n, que se lo perder\u00e1 por un esguince posterolateral de la rodilla [&hellip;]<\/p>\n","protected":false},"author":1,"featured_media":123638,"comment_status":"open","ping_status":"closed","sticky":false,"template":"","format":"standard","meta":{"_links_to":"","_links_to_target":""},"categories":[3247,3],"tags":[153,5556,5633,5149,3398,5734],"_links":{"self":[{"href":"https:\/\/www.locoxelrojo.com\/independiente\/wp-json\/wp\/v2\/posts\/123763"}],"collection":[{"href":"https:\/\/www.locoxelrojo.com\/independiente\/wp-json\/wp\/v2\/posts"}],"about":[{"href":"https:\/\/www.locoxelrojo.com\/independiente\/wp-json\/wp\/v2\/types\/post"}],"author":[{"embeddable":true,"href":"https:\/\/www.locoxelrojo.com\/independiente\/wp-json\/wp\/v2\/users\/1"}],"replies":[{"embeddable":true,"href":"https:\/\/www.locoxelrojo.com\/independiente\/wp-json\/wp\/v2\/comments?post=123763"}],"version-history":[{"count":1,"href":"https:\/\/www.locoxelrojo.com\/independiente\/wp-json\/wp\/v2\/posts\/123763\/revisions"}],"predecessor-version":[{"id":123764,"href":"https:\/\/www.locoxelrojo.com\/independiente\/wp-json\/wp\/v2\/posts\/123763\/revisions\/123764"}],"wp:featuredmedia":[{"embeddable":true,"href":"https:\/\/www.locoxelrojo.com\/independiente\/wp-json\/wp\/v2\/media\/123638"}],"wp:attachment":[{"href":"https:\/\/www.locoxelrojo.com\/independiente\/wp-json\/wp\/v2\/media?parent=123763"}],"wp:term":[{"taxonomy":"category","embeddable":true,"href":"https:\/\/www.locoxelrojo.com\/independiente\/wp-json\/wp\/v2\/categories?post=123763"},{"taxonomy":"post_tag","embeddable":true,"href":"https:\/\/www.locoxelrojo.com\/independiente\/wp-json\/wp\/v2\/tags?post=123763"}],"curies":[{"name":"wp","href":"https:\/\/api.w.org\/{rel}","templated":true}]}}